{"id":195561,"date":"2026-01-14T11:14:19","date_gmt":"2026-01-14T17:14:19","guid":{"rendered":"https:\/\/www.buroperiodistico.com.mx\/?p=195561"},"modified":"2026-01-14T11:14:19","modified_gmt":"2026-01-14T17:14:19","slug":"alistan-maraton-de-mcallen-texas","status":"publish","type":"post","link":"https:\/\/www.buroperiodistico.com.mx\/?p=195561","title":{"rendered":"ALISTAN MARAT\u00d3N DE MCALLEN, TEXAS"},"content":{"rendered":"<ul>\n<li><strong><em>Es clasificatorio para Marat\u00f3n de Boston<\/em><\/strong><\/li>\n<\/ul>\n<p><strong>Por Jos\u00e9 Luis B Garza<\/strong><\/p>\n<p><strong><img loading=\"lazy\" decoding=\"async\" class=\" wp-image-195562 alignright\" src=\"https:\/\/www.buroperiodistico.com.mx\/wp-content\/uploads\/2026\/01\/Carrex.jpg\" alt=\"\" width=\"590\" height=\"319\" srcset=\"https:\/\/www.buroperiodistico.com.mx\/wp-content\/uploads\/2026\/01\/Carrex.jpg 1110w, https:\/\/www.buroperiodistico.com.mx\/wp-content\/uploads\/2026\/01\/Carrex-300x162.jpg 300w, https:\/\/www.buroperiodistico.com.mx\/wp-content\/uploads\/2026\/01\/Carrex-1024x554.jpg 1024w, https:\/\/www.buroperiodistico.com.mx\/wp-content\/uploads\/2026\/01\/Carrex-768x415.jpg 768w\" sizes=\"auto, (max-width: 590px) 100vw, 590px\" \/>McAllen (14-Enero-2026).-<\/strong> Autoridades de la ciudad dieron a conocer detalles sobre esta carrera clasificatoria oficial para la Marat\u00f3n de Boston, que se llevar\u00e1 a cabo este fin de semana.<\/p>\n<p>Se esperan miles de corredores y espectadores en uno de los eventos de atletismo m\u00e1s importantes del sur de Texas en la 13a. edici\u00f3n de la Marat\u00f3n de McAllen Scott Crane, presentada por H-E-B Helping Here, que tendr\u00e1 lugar el s\u00e1bado 17 de enero del presente a\u00f1o.<\/p>\n<p>Autoridades municipales, organizadores del evento y patrocinadores coincidieron el jueves en el Centro de Convenciones de McAllen para destacar el continuo crecimiento as\u00ed como el impacto comunitario del evento, reconocido a nivel nacional desde su primera edici\u00f3n, en 2013.<\/p>\n<p>\u201cEn poco m\u00e1s de una d\u00e9cada, la Marat\u00f3n de McAllen Scott Crane se ha convertido en un evento emblem\u00e1tico que refleja la esencia de nuestra ciudad\u201d, dijo el administrador municipal, Isaac J. Tawil.<\/p>\n<p>\u201cEsta marat\u00f3n es mucho m\u00e1s que una carrera. Se trata de salud, bienestar, superaci\u00f3n personal y conexi\u00f3n comunitaria. Ya sea que cruces la meta, animes desde las gradas o seas voluntario a lo largo del recorrido, hay un lugar para todos en este evento\u201d.<\/p>\n<p>\u201cEsta marat\u00f3n es mucho m\u00e1s que una carrera. Se trata de salud, bienestar, superaci\u00f3n personal y conexi\u00f3n comunitaria. Ya sea que cruces la meta, animes desde las gradas o seas voluntario a lo largo del recorrido, hay un lugar para todos en este evento\u201d, agreg\u00f3 Tawil.<\/p>\n<p>Desde sus inicios, el Marat\u00f3n de McAllen ha atra\u00eddo a corredores de m\u00e1s de 17 estados y tres pa\u00edses, gracias a un recorrido llano y r\u00e1pido, certificado por la USATF, que, adem\u00e1s, sirve como clasificatorio oficial para el Marat\u00f3n de Boston. El evento honra el legado del fallecido Scott Crane, excomisionado de la ciudad de McAllen y un apasionado defensor del bienestar f\u00edsico, los parques y la calidad de vida en la comunidad.<\/p>\n<p>\u201cLo que comenz\u00f3 como una visi\u00f3n para promover la salud y la vida activa se ha convertido en algo verdaderamente especial\u201d, dijo el juez federal de distrito, Randy Carne, en representaci\u00f3n de la familia del desaparecido funcionario de la municipalidad. \u201cNombrar el marat\u00f3n en honor a Scott garantiza que su pasi\u00f3n por el deporte y por McAllen contin\u00fae inspirando a corredores de todas las edades y niveles. Cada a\u00f1o, esta carrera re\u00fane a personas de todas partes, y eso es precisamente en lo que cre\u00eda Scott\u201d.<\/p>\n<p>Todas las carreras comienzan y terminan en el Centro de Convenciones de McAllen, ubicado en 700 Convention Center Boulevard. Las carreras dan inicio a las 7:00 am e incluyen el marat\u00f3n completo, el medio marat\u00f3n, el marat\u00f3n de relevos, la carrera de 10K, la de 5K y la Milla Final para Ni\u00f1os.<\/p>\n<p>Fuente: DebateX<\/p>\n<p>CU\u00c1NTO TIEMPO M\u00cdNIMO NECESITO REGISTRAR PARA CLASIFICAR?<br \/>\nR.- Tiempos de Referencia (para la ventana 2025-2026, que se cerr\u00f3 en Septiembre 2025):<br \/>\nHombres (18-34): Objetivo alrededor de 3 horas (ej. 2:55:00).<br \/>\nMujeres (18-34): Objetivo alrededor de 3 horas 30 minutos (ej. 3:25:00).<br \/>\nGrupos de Edad Mayores: Los requisitos son m\u00e1s altos, pero la regla de ser 5 minutos m\u00e1s r\u00e1pido se aplica tambi\u00e9n, por ejemplo, hombres 55-59 a\u00f1os apuntando a 3:30:00.<br \/>\nPuntos Clave:<br \/>\nAjuste por Recorrido: Los tiempos de calificaci\u00f3n son ajustados por el desnivel neto del marat\u00f3n donde corriste; un desnivel mayor requiere un tiempo m\u00e1s r\u00e1pido.<br \/>\nCorte Final: Los tiempos de corte reales (el tiempo que se necesita) son m\u00e1s r\u00e1pidos que los est\u00e1ndares m\u00ednimos publicados, debido a la alta demanda.<br \/>\nVentana de Clasificaci\u00f3n: Se abre con un a\u00f1o de antelaci\u00f3n para el siguiente Marat\u00f3n de Boston (por ejemplo, para Boston 2026, la ventana fue de Septiembre 2024 a Septiembre 2025).<\/p>\n<div style=\"width: 640px;\" class=\"wp-video\"><video class=\"wp-video-shortcode\" id=\"video-195561-1\" width=\"640\" height=\"362\" preload=\"metadata\" controls=\"controls\"><source type=\"video\/mp4\" src=\"https:\/\/www.buroperiodistico.com.mx\/wp-content\/uploads\/2026\/01\/WhatsApp-Video-2026-01-14-at-10.44.33-AM.mp4?_=1\" \/><a href=\"https:\/\/www.buroperiodistico.com.mx\/wp-content\/uploads\/2026\/01\/WhatsApp-Video-2026-01-14-at-10.44.33-AM.mp4\">https:\/\/www.buroperiodistico.com.mx\/wp-content\/uploads\/2026\/01\/WhatsApp-Video-2026-01-14-at-10.44.33-AM.mp4<\/a><\/video><\/div>\n","protected":false},"excerpt":{"rendered":"<p>Es clasificatorio para Marat\u00f3n de Boston Por Jos\u00e9 Luis B Garza McAllen (14-Enero-2026).- Autoridades de&#8230;<\/p>\n","protected":false},"author":1,"featured_media":195562,"comment_status":"closed","ping_status":"closed","sticky":false,"template":"","format":"standard","meta":{"footnotes":"","jetpack_publicize_message":"","jetpack_publicize_feature_enabled":true,"jetpack_social_post_already_shared":true,"jetpack_social_options":{"image_generator_settings":{"template":"highway","default_image_id":0,"font":"","enabled":false},"version":2}},"categories":[11],"tags":[],"class_list":["post-195561","post","type-post","status-publish","format-standard","has-post-thumbnail","hentry","category-nacional"],"jetpack_publicize_connections":[],"_links":{"self":[{"href":"https:\/\/www.buroperiodistico.com.mx\/index.php?rest_route=\/wp\/v2\/posts\/195561","targetHints":{"allow":["GET"]}}],"collection":[{"href":"https:\/\/www.buroperiodistico.com.mx\/index.php?rest_route=\/wp\/v2\/posts"}],"about":[{"href":"https:\/\/www.buroperiodistico.com.mx\/index.php?rest_route=\/wp\/v2\/types\/post"}],"author":[{"embeddable":true,"href":"https:\/\/www.buroperiodistico.com.mx\/index.php?rest_route=\/wp\/v2\/users\/1"}],"replies":[{"embeddable":true,"href":"https:\/\/www.buroperiodistico.com.mx\/index.php?rest_route=%2Fwp%2Fv2%2Fcomments&post=195561"}],"version-history":[{"count":1,"href":"https:\/\/www.buroperiodistico.com.mx\/index.php?rest_route=\/wp\/v2\/posts\/195561\/revisions"}],"predecessor-version":[{"id":195564,"href":"https:\/\/www.buroperiodistico.com.mx\/index.php?rest_route=\/wp\/v2\/posts\/195561\/revisions\/195564"}],"wp:featuredmedia":[{"embeddable":true,"href":"https:\/\/www.buroperiodistico.com.mx\/index.php?rest_route=\/wp\/v2\/media\/195562"}],"wp:attachment":[{"href":"https:\/\/www.buroperiodistico.com.mx\/index.php?rest_route=%2Fwp%2Fv2%2Fmedia&parent=195561"}],"wp:term":[{"taxonomy":"category","embeddable":true,"href":"https:\/\/www.buroperiodistico.com.mx\/index.php?rest_route=%2Fwp%2Fv2%2Fcategories&post=195561"},{"taxonomy":"post_tag","embeddable":true,"href":"https:\/\/www.buroperiodistico.com.mx\/index.php?rest_route=%2Fwp%2Fv2%2Ftags&post=195561"}],"curies":[{"name":"wp","href":"https:\/\/api.w.org\/{rel}","templated":true}]}}