{"id":195545,"date":"2026-01-13T20:37:06","date_gmt":"2026-01-14T02:37:06","guid":{"rendered":"https:\/\/www.buroperiodistico.com.mx\/?p=195545"},"modified":"2026-01-13T20:37:06","modified_gmt":"2026-01-14T02:37:06","slug":"agenda-fronteriza-por-humberto-gutierrez-675","status":"publish","type":"post","link":"https:\/\/www.buroperiodistico.com.mx\/?p=195545","title":{"rendered":"AGENDA FRONTERIZA\/ POR HUMBERTO GUTIERREZ"},"content":{"rendered":"<p style=\"text-align: center;\"><em><strong>EMPIEZA BIEN EL A\u00d1O PARA TAMAULIPAS: 2 VISITAS DE ALTO NIVEL<\/strong><\/em><\/p>\n<p><em><strong>(13-Enero-2026).-<\/strong><\/em> Me da gusto reportear las visitas de gente distinguida a Tamaulipas, sean estos Secretarios o equivalentes del gobierno federal, embajadores, inversionistas extranjeros.<\/p>\n<p>Me da gusto porque con su visita vienen a atender cosas importantes que tienen que ver con el desarrollo econ\u00f3mico del estado.<\/p>\n<p>El s\u00e1bado pasado recibi\u00f3 el gobernador AMERICO al secretario de Agricultura y Desarrollo Rural, JULIO BERDEGU\u00c9. El secretario escogi\u00f3 Tampico por su conectividad y por el inter\u00e9s nacional que ameritaba una reuni\u00f3n con el gobernador de Tamaulipas y el de Veracruz.<\/p>\n<p>Se reunieron el gobernador de Tamaulipas AM\u00c9RICO VILLARREAL ANAYA, el secretario de Desarrollo Agropecuario en Veracruz, Rodrigo Calder\u00f3n Salas; adem\u00e1s participaron autoridades locales y l\u00edderes de asociaciones ganaderas.<\/p>\n<p>El motivo es el combate al gusano barrenador.<\/p>\n<p>El prop\u00f3sito de estas reuniones de trabajo fue acordar un plan de acci\u00f3n especial para contener y controlar el avance del gusano barrenador del ganado (GBG) en el centro y norte de Veracruz y en Tamaulipas, con acciones inmediatas a implementarse en las pr\u00f3ximas semanas.<\/p>\n<p>Ayer vino a Tamaulipas una funcionaria de alto nivel, la titular de la Unidad de Asuntos Religiosos, Prevenci\u00f3n Social y la Reconstrucci\u00f3n del Tejido Social, de la Secretar\u00eda de Gobernaci\u00f3n, CLARA LUZ FLORES CARRALES.<\/p>\n<p>La alta funcionaria vino a Cd. Victoria a acompa\u00f1ar al AM\u00c9RICO VILLARREAL ANAYA a ser testigo de la instalaci\u00f3n del Consejo Estatal y los nueve Consejos municipales de Paz y Justicia Social.<\/p>\n<p>En el evento tomaron protesta los presidentes municipales como integrantes del Consejo, como el caso de CAMEN LILIA CANTUROSAS y CARLOS PE\u00d1A ORTIZ.<\/p>\n<p>La presencia de alcalde de Reynosa y la toma de protesta como Consejero, call\u00f3 las voces que ya pretend\u00edan buscarle un sustituto.<\/p>\n<p>En otro tema:<\/p>\n<p>Para efecto de prontitud o rapidez del sistema de gobierno de M\u00e9xico y de los estados que conforman la Rep\u00fablica Mexicana, el a\u00f1o 2026, empieza a funcionar al 100% el d\u00eda de hoy en el que esta cada quien en su lugar.<\/p>\n<p>Para estas alturas, ya debe estar equipada la Fiscal\u00eda, despu\u00e9s y el Supremo Tribunal de Justicia que est\u00e1n obligados a trabajar tiempo extra para sacar los asuntos que interesan.<\/p>\n<p>Significar\u00eda una satisfacci\u00f3n a los deseos de una sociedad dolida por tanto saqueo al erario y su relaci\u00f3n con otros delitos.<\/p>\n<p>No hay excusa. Deben de actuar.<\/p>\n<p>En la ciudad capital, el alcalde LALO GATT\u00c1S confirm\u00f3 que existen grandes posibilidades de que la cadena internacional de autoservicio Costco se instale en la capital tamaulipeca durante este 2026, lo que ha generado entusiasmo y expectativa entre la ciudadan\u00eda.<\/p>\n<p>El presidente municipal asegur\u00f3 que las negociaciones siguen activas y que el acuerdo para concretar la llegada de la tienda se encuentra en proceso.<\/p>\n<p>La Secretar\u00eda de Salud, anunci\u00f3 el inicio de la campa\u00f1a masiva de vacunaci\u00f3n antirr\u00e1bica canina y felina, tanto de animalitos dom\u00e9sticos como los que se encuentran en situaci\u00f3n de calle.<\/p>\n<p>El titular de la dependencia estatal, VICENTE JOEL HERN\u00c1NDEZ NAVARRO, inform\u00f3 que se cuenta con m\u00e1s de 300 mil vacunas para desarrollar esta actividad que, en una primera fase, iniciar\u00e1 en esta ciudad y sus alrededores para llegar hasta el municipio de Hidalgo, y posteriormente arrancar en el resto de la entidad.<\/p>\n<p>Como resultado de las gestiones y alianzas institucionales, el Rector de la UAT, DAMASO ANAYA ALVARADO, destac\u00f3 que se han adquirido veinte mil microcredenciales internacionales, las cuales ser\u00e1n otorgadas de manera gratuita a estudiantes de bachillerato y licenciatura, as\u00ed como a personal docente y administrativo, con el objetivo de generar un impacto transversal en la formaci\u00f3n acad\u00e9mica, la actualizaci\u00f3n profesional y la empleabilidad de la comunidad universitaria.<\/p>\n<p>El Ecosistema Microcredenciales UAT contempla 17 tipos de certificaci\u00f3n, integrados por 10 certificaciones base y 7 certificaciones especializadas en \u00e1reas como ofim\u00e1tica y productividad digital, tecnolog\u00edas de la informaci\u00f3n, desarrollo de aplicaciones, educaci\u00f3n, dise\u00f1o y manufactura digital, emprendimiento, gesti\u00f3n de proyectos, marketing digital, redes y soporte tecnol\u00f3gico, as\u00ed como \u00e1reas vinculadas a las ciencias de la salud, hospitalidad y artes culinarias.<\/p>\n<p>RLX SOLAR informa que en este tipo de inversiones se debe buscar un proveedor CONFIABLE que te ponga todo lo correcto, desde equipo hasta material el\u00e9ctrico. \u00a1\u00a1 vete a la segura\u00a1\u00a1<\/p>\n<p>RLX \u2013 SOLAR con m\u00e1s de 13 a\u00f1os en el mercado solar, es una empresa proveedora de sistemas solares certificada por el SAT y BANCOS, lo que permite que, con cero enganche tiene sus propios paneles.<\/p>\n<p>DECIR NO: NO ES OPCION.- Env\u00edeme un WS con la imagen completa de su recibo de la CFE al WS 834 145 6803, 834 210 4195 834 114 1952. A los cuatro d\u00edas previa inspecci\u00f3n del sat\u00e9lite, recibe nuestra cotizaci\u00f3n, garant\u00edas y servicio de post-venta.<\/p>\n<p>NADA PIERDE CON INTENTAR.<\/p>\n<p>AGENDA FRONTERIZA es una colaboraci\u00f3n de temas relacionados con el desarrollo econ\u00f3mico del estado de Tamaulipas y sus municipios. Se distribuye a trav\u00e9s de la Agencia Informaci\u00f3n y An\u00e1lisis Estad\u00edstico.<\/p>\n<p>MI CORREO : humbertografico@yahoo.com.mx<\/p>\n","protected":false},"excerpt":{"rendered":"<p>EMPIEZA BIEN EL A\u00d1O PARA TAMAULIPAS: 2 VISITAS DE ALTO NIVEL (13-Enero-2026).- Me da gusto&#8230;<\/p>\n","protected":false},"author":1,"featured_media":149410,"comment_status":"closed","ping_status":"closed","sticky":false,"template":"","format":"standard","meta":{"footnotes":"","jetpack_publicize_message":"","jetpack_publicize_feature_enabled":true,"jetpack_social_post_already_shared":true,"jetpack_social_options":{"image_generator_settings":{"template":"highway","default_image_id":0,"font":"","enabled":false},"version":2}},"categories":[23],"tags":[],"class_list":["post-195545","post","type-post","status-publish","format-standard","has-post-thumbnail","hentry","category-columnas"],"jetpack_publicize_connections":[],"_links":{"self":[{"href":"https:\/\/www.buroperiodistico.com.mx\/index.php?rest_route=\/wp\/v2\/posts\/195545","targetHints":{"allow":["GET"]}}],"collection":[{"href":"https:\/\/www.buroperiodistico.com.mx\/index.php?rest_route=\/wp\/v2\/posts"}],"about":[{"href":"https:\/\/www.buroperiodistico.com.mx\/index.php?rest_route=\/wp\/v2\/types\/post"}],"author":[{"embeddable":true,"href":"https:\/\/www.buroperiodistico.com.mx\/index.php?rest_route=\/wp\/v2\/users\/1"}],"replies":[{"embeddable":true,"href":"https:\/\/www.buroperiodistico.com.mx\/index.php?rest_route=%2Fwp%2Fv2%2Fcomments&post=195545"}],"version-history":[{"count":1,"href":"https:\/\/www.buroperiodistico.com.mx\/index.php?rest_route=\/wp\/v2\/posts\/195545\/revisions"}],"predecessor-version":[{"id":195546,"href":"https:\/\/www.buroperiodistico.com.mx\/index.php?rest_route=\/wp\/v2\/posts\/195545\/revisions\/195546"}],"wp:featuredmedia":[{"embeddable":true,"href":"https:\/\/www.buroperiodistico.com.mx\/index.php?rest_route=\/wp\/v2\/media\/149410"}],"wp:attachment":[{"href":"https:\/\/www.buroperiodistico.com.mx\/index.php?rest_route=%2Fwp%2Fv2%2Fmedia&parent=195545"}],"wp:term":[{"taxonomy":"category","embeddable":true,"href":"https:\/\/www.buroperiodistico.com.mx\/index.php?rest_route=%2Fwp%2Fv2%2Fcategories&post=195545"},{"taxonomy":"post_tag","embeddable":true,"href":"https:\/\/www.buroperiodistico.com.mx\/index.php?rest_route=%2Fwp%2Fv2%2Ftags&post=195545"}],"curies":[{"name":"wp","href":"https:\/\/api.w.org\/{rel}","templated":true}]}}