{"id":195531,"date":"2026-01-13T19:36:29","date_gmt":"2026-01-14T01:36:29","guid":{"rendered":"https:\/\/www.buroperiodistico.com.mx\/?p=195531"},"modified":"2026-01-13T19:36:29","modified_gmt":"2026-01-14T01:36:29","slug":"es-posible-la-paz-con-voluntad-politica-gallegos","status":"publish","type":"post","link":"https:\/\/www.buroperiodistico.com.mx\/?p=195531","title":{"rendered":"Es posible la paz con voluntad pol\u00edtica: Gallegos"},"content":{"rendered":"<p><em><strong><img loading=\"lazy\" decoding=\"async\" class=\" wp-image-195533 alignright\" src=\"https:\/\/www.buroperiodistico.com.mx\/wp-content\/uploads\/2026\/01\/MGx.jpg\" alt=\"\" width=\"564\" height=\"305\" srcset=\"https:\/\/www.buroperiodistico.com.mx\/wp-content\/uploads\/2026\/01\/MGx.jpg 1110w, https:\/\/www.buroperiodistico.com.mx\/wp-content\/uploads\/2026\/01\/MGx-300x162.jpg 300w, https:\/\/www.buroperiodistico.com.mx\/wp-content\/uploads\/2026\/01\/MGx-1024x554.jpg 1024w, https:\/\/www.buroperiodistico.com.mx\/wp-content\/uploads\/2026\/01\/MGx-768x415.jpg 768w\" sizes=\"auto, (max-width: 564px) 100vw, 564px\" \/>(13-Enero-2026).-<\/strong><\/em> La paz en Tamaulipas es una meta posible cuando existe convicci\u00f3n pol\u00edtica, coordinaci\u00f3n institucional y una estrategia clara enfocada en atender las causas profundas de la violencia. As\u00ed lo ha expresado el diputado local por Morena, Marco Antonio Gallegos Galvan, al acompa\u00f1ar al gobernador Dr. Am\u00e9rico Villarreal, y la Mtra. Clara Luz Flores Carrales Titular de la Unidad de Asuntos Religiosos Prevenci\u00f3n Social y Reconstrucci\u00f3n del Tejido Social de la Secretar\u00eda de Gobernaci\u00f3n a la instalaci\u00f3n de los Consejos de Paz y Justicia C\u00edvica en el estado.<\/p>\n<p>Desde una visi\u00f3n moderna de la seguridad p\u00fablica, hoy queda claro que el uso exclusivo de la fuerza no resuelve de fondo los problemas de inseguridad. La verdadera transformaci\u00f3n pasa por la reconstrucci\u00f3n del tejido social, por fortalecer a las familias, recuperar la confianza de la gente y generar entornos donde la violencia no sea una opci\u00f3n.<\/p>\n<p>Este enfoque est\u00e1 plenamente alineado con la estrategia nacional de seguridad impulsada por la presidenta Claudia Sheinbaum, cuyo eje central es el combate a las causas estructurales que originan la inseguridad: desigualdad, falta de oportunidades y la desintegraci\u00f3n social.<\/p>\n<p>En ese sentido, la creaci\u00f3n de los Consejos de Paz y Justicia C\u00edvica representa un avance significativo. Su valor no radica \u00fanicamente en su instalaci\u00f3n, sino en su integraci\u00f3n plural, donde participan autoridades, sociedad civil e incluso sectores tradicionalmente relegados del dise\u00f1o de pol\u00edticas p\u00fablicas, como las iglesias y organizaciones religiosas, cuyo papel en la formaci\u00f3n de valores y cohesi\u00f3n comunitaria es innegable.<\/p>\n<p>Las pol\u00edticas p\u00fablicas de seguridad requieren la participaci\u00f3n de todos. La participaci\u00f3n ciudadana y la comunicaci\u00f3n constante con las instituciones encargadas de procurar e impartir justicia permiten construir confianza, legitimidad y resultados sostenibles.<\/p>\n<p>En Tamaulipas, esta visi\u00f3n se fortalece gracias a la coordinaci\u00f3n entre los distintos niveles de gobierno, encabezada por el gobernador Am\u00e9rico Villarreal Anaya, y respaldada por una pol\u00edtica nacional que entiende que la paz se construye desde lo local, pero con direcci\u00f3n federal.<\/p>\n<p>Desde el Congreso del Estado, la Comisi\u00f3n de Seguridad a cargo del diputado Marco Gallegos asume un papel clave: acompa\u00f1ar, legislar y dar seguimiento a una estrategia que quiz\u00e1 no genere reflectores inmediatos, pero que tiene el mayor impacto social a largo plazo. Porque reconstruir el tejido social no es una tarea de corto plazo, sino una decisi\u00f3n pol\u00edtica con visi\u00f3n de Estado.<\/p>\n<p>Concluyo diciendo que hoy, m\u00e1s que nunca, existe voluntad. Y cuando hay voluntad, estrategia y participaci\u00f3n social, la paz deja de ser un discurso y se convierte en un proyecto posible para Tamaulipas.<\/p>\n","protected":false},"excerpt":{"rendered":"<p>(13-Enero-2026).- La paz en Tamaulipas es una meta posible cuando existe convicci\u00f3n pol\u00edtica, coordinaci\u00f3n institucional&#8230;<\/p>\n","protected":false},"author":1,"featured_media":195533,"comment_status":"closed","ping_status":"closed","sticky":false,"template":"","format":"standard","meta":{"footnotes":"","jetpack_publicize_message":"","jetpack_publicize_feature_enabled":true,"jetpack_social_post_already_shared":true,"jetpack_social_options":{"image_generator_settings":{"template":"highway","default_image_id":0,"font":"","enabled":false},"version":2}},"categories":[17,25],"tags":[],"class_list":["post-195531","post","type-post","status-publish","format-standard","has-post-thumbnail","hentry","category-ciudadvictoria","category-portada"],"jetpack_publicize_connections":[],"_links":{"self":[{"href":"https:\/\/www.buroperiodistico.com.mx\/index.php?rest_route=\/wp\/v2\/posts\/195531","targetHints":{"allow":["GET"]}}],"collection":[{"href":"https:\/\/www.buroperiodistico.com.mx\/index.php?rest_route=\/wp\/v2\/posts"}],"about":[{"href":"https:\/\/www.buroperiodistico.com.mx\/index.php?rest_route=\/wp\/v2\/types\/post"}],"author":[{"embeddable":true,"href":"https:\/\/www.buroperiodistico.com.mx\/index.php?rest_route=\/wp\/v2\/users\/1"}],"replies":[{"embeddable":true,"href":"https:\/\/www.buroperiodistico.com.mx\/index.php?rest_route=%2Fwp%2Fv2%2Fcomments&post=195531"}],"version-history":[{"count":1,"href":"https:\/\/www.buroperiodistico.com.mx\/index.php?rest_route=\/wp\/v2\/posts\/195531\/revisions"}],"predecessor-version":[{"id":195534,"href":"https:\/\/www.buroperiodistico.com.mx\/index.php?rest_route=\/wp\/v2\/posts\/195531\/revisions\/195534"}],"wp:featuredmedia":[{"embeddable":true,"href":"https:\/\/www.buroperiodistico.com.mx\/index.php?rest_route=\/wp\/v2\/media\/195533"}],"wp:attachment":[{"href":"https:\/\/www.buroperiodistico.com.mx\/index.php?rest_route=%2Fwp%2Fv2%2Fmedia&parent=195531"}],"wp:term":[{"taxonomy":"category","embeddable":true,"href":"https:\/\/www.buroperiodistico.com.mx\/index.php?rest_route=%2Fwp%2Fv2%2Fcategories&post=195531"},{"taxonomy":"post_tag","embeddable":true,"href":"https:\/\/www.buroperiodistico.com.mx\/index.php?rest_route=%2Fwp%2Fv2%2Ftags&post=195531"}],"curies":[{"name":"wp","href":"https:\/\/api.w.org\/{rel}","templated":true}]}}