{"id":195524,"date":"2026-01-13T17:27:26","date_gmt":"2026-01-13T23:27:26","guid":{"rendered":"https:\/\/www.buroperiodistico.com.mx\/?p=195524"},"modified":"2026-01-13T17:27:26","modified_gmt":"2026-01-13T23:27:26","slug":"pide-reynosa-incluir-agua-en-revision-de-tratado","status":"publish","type":"post","link":"https:\/\/www.buroperiodistico.com.mx\/?p=195524","title":{"rendered":"PIDE REYNOSA INCLUIR AGUA EN REVISION DE TRATADO"},"content":{"rendered":"<div class=\"x_elementToProof\"><em><strong><img loading=\"lazy\" decoding=\"async\" class=\" wp-image-195527 alignright\" src=\"https:\/\/www.buroperiodistico.com.mx\/wp-content\/uploads\/2026\/01\/Pidex.jpg\" alt=\"\" width=\"487\" height=\"311\" srcset=\"https:\/\/www.buroperiodistico.com.mx\/wp-content\/uploads\/2026\/01\/Pidex.jpg 1024w, https:\/\/www.buroperiodistico.com.mx\/wp-content\/uploads\/2026\/01\/Pidex-300x192.jpg 300w, https:\/\/www.buroperiodistico.com.mx\/wp-content\/uploads\/2026\/01\/Pidex-768x491.jpg 768w\" sizes=\"auto, (max-width: 487px) 100vw, 487px\" \/>Por Citlali Blanco<\/strong><\/em><\/div>\n<div class=\"x_elementToProof\"><em><strong>REYNOSA, TAM (Enero 13, de 2026).-<\/strong><\/em> Carlos Pe\u00f1a Ortiz, alcalde de Reynosa, demand\u00f3 al gobierno federal y a los senadores de la Rep\u00fablica, incluir el tema de aguas compartidas con Estados Unidos en la revisi\u00f3n del Tratado de Libre Comercio para garantizar la seguridad h\u00eddrica de Reynosa y la regi\u00f3n.<\/div>\n<div><\/div>\n<div>El presidente municipal morenista present\u00f3 su demanda en el marco de la instalaci\u00f3n del Consejo Estatal y Consejos Municipales de Paz y Justicia C\u00edvica llevado a cabo en el patio del Palacio de Gobierno en Ciudad Victoria este lunes.<\/div>\n<div><\/div>\n<div>\u00abAlgo muy importante que pido yo a los diputados, a los senadores, al gobierno federal, y tambi\u00e9n a la que estamos participando los municipios, es que en este nuevo tratado de libre comercio que se va a estar llevando para el dos mil veintis\u00e9is, tambi\u00e9n se contempla el tema del agua.<\/div>\n<div><\/div>\n<div>Reynosa enfrent\u00f3 tres ocasiones en el a\u00f1o 2025 crisis de abasto de agua por maniobras y manejos de la Comisi\u00f3n Nacional del Agua y pagos de deuda de agua a Estados Unidos.<\/div>\n<div><\/div>\n<div>\u00abYo creo que tenemos que crear las condiciones para que haya seguridad h\u00eddrica para las siguientes generaciones\u00bb, argument\u00f3 Pe\u00f1a.<\/div>\n<div><\/div>\n<div>Record\u00f3 que los organismos municipales que potabilizan el agua con responsables de dispersarla a las colonias, pero los que administran el agua cruda es la Comisi\u00f3n Nacional del Agua.<\/div>\n<div><\/div>\n<div>\u00abLa dispersi\u00f3n s\u00ed la hace el Municipio (del agua a las casas), sin embargo, la administraci\u00f3n del agua en las Comapas corresponde a la CNA\u00bb, acot\u00f3.<\/div>\n<div><\/div>\n<div>El Alcalde se pronunci\u00f3 por la posibilidad de una nueva fuente de agua para las ciudades fronterizas, la desalinizaci\u00f3n del agua de mar.<\/div>\n<div><\/div>\n<div>Indic\u00f3 que la desalinizaci\u00f3n es necesaria para terminar con la amenaza de la escasez y la presi\u00f3n de los Estados Unidos de cortar el suministro.<\/div>\n<div><\/div>\n<div>Record\u00f3 como en el 2025 en tres ocasiones se disminuy\u00f3 el agua del r\u00edo Bravo para M\u00e9xico y esta ciudad result\u00f3 afectada.<\/div>\n<div><\/div>\n<div>Sobre la instalaci\u00f3n del Consejo para la Paz y Justicia, Pe\u00f1a sostuvo que est\u00e1n ante un escenario positivo para los municipios por ser el Consejo una opci\u00f3n para ser escuchados y atendidos en sus problemas de seguridad.<\/div>\n<div><\/div>\n<div>\u00abTenemos una gran oportunidad de a nivel nacional, tambi\u00e9n con el Fiscal estatal porque tenemos la gran esperanza de que se puedan atender muchos temas en Reynosa\u00bb, expres\u00f3.<\/div>\n<div><\/div>\n<div>\u00abEn las mesas de seguridad hemos denunciado la extorsi\u00f3n, la verdad es que si han bajado los delitos, la violencia aunque falta mucho por hacer, hemos tenido significantes avances\u00bb, asegur\u00f3 el edil, acompa\u00f1ando al gobernador en el acto, Am\u00e9rico Villarreal Anaya.<\/div>\n<div><\/div>\n<div><img loading=\"lazy\" decoding=\"async\" class=\"aligncenter size-full wp-image-195525\" src=\"https:\/\/www.buroperiodistico.com.mx\/wp-content\/uploads\/2026\/01\/Pidex-I.jpg\" alt=\"\" width=\"640\" height=\"427\" srcset=\"https:\/\/www.buroperiodistico.com.mx\/wp-content\/uploads\/2026\/01\/Pidex-I.jpg 640w, https:\/\/www.buroperiodistico.com.mx\/wp-content\/uploads\/2026\/01\/Pidex-I-300x200.jpg 300w\" sizes=\"auto, (max-width: 640px) 100vw, 640px\" \/> <img loading=\"lazy\" decoding=\"async\" class=\"aligncenter size-full wp-image-195526\" src=\"https:\/\/www.buroperiodistico.com.mx\/wp-content\/uploads\/2026\/01\/Pidex-II.jpg\" alt=\"\" width=\"640\" height=\"426\" srcset=\"https:\/\/www.buroperiodistico.com.mx\/wp-content\/uploads\/2026\/01\/Pidex-II.jpg 640w, https:\/\/www.buroperiodistico.com.mx\/wp-content\/uploads\/2026\/01\/Pidex-II-300x200.jpg 300w\" sizes=\"auto, (max-width: 640px) 100vw, 640px\" \/><\/div>\n","protected":false},"excerpt":{"rendered":"<p>Por Citlali Blanco REYNOSA, TAM (Enero 13, de 2026).- Carlos Pe\u00f1a Ortiz, alcalde de Reynosa,&#8230;<\/p>\n","protected":false},"author":1,"featured_media":195527,"comment_status":"closed","ping_status":"closed","sticky":false,"template":"","format":"standard","meta":{"footnotes":"","jetpack_publicize_message":"","jetpack_publicize_feature_enabled":true,"jetpack_social_post_already_shared":true,"jetpack_social_options":{"image_generator_settings":{"template":"highway","default_image_id":0,"font":"","enabled":false},"version":2}},"categories":[9],"tags":[],"class_list":["post-195524","post","type-post","status-publish","format-standard","has-post-thumbnail","hentry","category-reynosa"],"jetpack_publicize_connections":[],"_links":{"self":[{"href":"https:\/\/www.buroperiodistico.com.mx\/index.php?rest_route=\/wp\/v2\/posts\/195524","targetHints":{"allow":["GET"]}}],"collection":[{"href":"https:\/\/www.buroperiodistico.com.mx\/index.php?rest_route=\/wp\/v2\/posts"}],"about":[{"href":"https:\/\/www.buroperiodistico.com.mx\/index.php?rest_route=\/wp\/v2\/types\/post"}],"author":[{"embeddable":true,"href":"https:\/\/www.buroperiodistico.com.mx\/index.php?rest_route=\/wp\/v2\/users\/1"}],"replies":[{"embeddable":true,"href":"https:\/\/www.buroperiodistico.com.mx\/index.php?rest_route=%2Fwp%2Fv2%2Fcomments&post=195524"}],"version-history":[{"count":2,"href":"https:\/\/www.buroperiodistico.com.mx\/index.php?rest_route=\/wp\/v2\/posts\/195524\/revisions"}],"predecessor-version":[{"id":195529,"href":"https:\/\/www.buroperiodistico.com.mx\/index.php?rest_route=\/wp\/v2\/posts\/195524\/revisions\/195529"}],"wp:featuredmedia":[{"embeddable":true,"href":"https:\/\/www.buroperiodistico.com.mx\/index.php?rest_route=\/wp\/v2\/media\/195527"}],"wp:attachment":[{"href":"https:\/\/www.buroperiodistico.com.mx\/index.php?rest_route=%2Fwp%2Fv2%2Fmedia&parent=195524"}],"wp:term":[{"taxonomy":"category","embeddable":true,"href":"https:\/\/www.buroperiodistico.com.mx\/index.php?rest_route=%2Fwp%2Fv2%2Fcategories&post=195524"},{"taxonomy":"post_tag","embeddable":true,"href":"https:\/\/www.buroperiodistico.com.mx\/index.php?rest_route=%2Fwp%2Fv2%2Ftags&post=195524"}],"curies":[{"name":"wp","href":"https:\/\/api.w.org\/{rel}","templated":true}]}}