{"id":195516,"date":"2026-01-13T17:15:28","date_gmt":"2026-01-13T23:15:28","guid":{"rendered":"https:\/\/www.buroperiodistico.com.mx\/?p=195516"},"modified":"2026-01-13T17:15:28","modified_gmt":"2026-01-13T23:15:28","slug":"fortalece-gobierno-del-estado-identidad-nacional-con-bandera-monumental-en-el-cuartel-militar-de-ciudad-victoria","status":"publish","type":"post","link":"https:\/\/www.buroperiodistico.com.mx\/?p=195516","title":{"rendered":"Fortalece Gobierno del Estado identidad nacional con Bandera Monumental en el Cuartel Militar de Ciudad Victoria"},"content":{"rendered":"<p><em><strong><img loading=\"lazy\" decoding=\"async\" class=\"size-full wp-image-195517 alignright\" src=\"https:\/\/www.buroperiodistico.com.mx\/wp-content\/uploads\/2026\/01\/SOPVictoria-I.jpeg\" alt=\"\" width=\"640\" height=\"358\" srcset=\"https:\/\/www.buroperiodistico.com.mx\/wp-content\/uploads\/2026\/01\/SOPVictoria-I.jpeg 640w, https:\/\/www.buroperiodistico.com.mx\/wp-content\/uploads\/2026\/01\/SOPVictoria-I-300x168.jpeg 300w\" sizes=\"auto, (max-width: 640px) 100vw, 640px\" \/>Ciudad Victoria, Tamaulipas (13-Enero-2026).-<\/strong><\/em> El Gobierno del Estado, a trav\u00e9s de la Secretar\u00eda de Obras P\u00fablicas (SOP), construye el asta de la Bandera Monumental al interior del Cuartel Militar de Ciudad Victoria, con una inversi\u00f3n superior a los 30 millones de pesos.<\/p>\n<p>El secretario Pedro Cepeda Anaya apunt\u00f3 que adem\u00e1s de la construcci\u00f3n de la base donde ir\u00e1 colocado el s\u00edmbolo patrio de nuestro pa\u00eds, llevan a cabo trabajos diversos al interior de las citadas instalaciones.<\/p>\n<p>\u201cLa Bandera Monumental ser\u00e1 un referente visual y c\u00edvico para la capital del estado, al tiempo que refrenda el compromiso del Gobierno de Tamaulipas con la promoci\u00f3n de los valores c\u00edvicos y el fortalecimiento del sentido de pertenencia entre la ciudadan\u00eda.<\/p>\n<p>Destac\u00f3 que est\u00e1n trabajando en el trazo y nivelaci\u00f3n, adem\u00e1s del suministro de materiales para la cimentaci\u00f3n donde estar\u00e1 colocada la bandera. Asimismo, realizan mejoras en la zona de dif\u00edcil acceso, escalinata, palapas, plazoleta y mirador.<\/p>\n<p>De esta forma, dijo, la actual administraci\u00f3n estatal reafirma su compromiso con el desarrollo de infraestructura de calidad, el respeto a las instituciones y la promoci\u00f3n de los valores que dan identidad y cohesi\u00f3n a las y los tamaulipecos.<\/p>\n<p><img loading=\"lazy\" decoding=\"async\" class=\"aligncenter size-full wp-image-195518\" src=\"https:\/\/www.buroperiodistico.com.mx\/wp-content\/uploads\/2026\/01\/SOPVictoria-II.jpeg\" alt=\"\" width=\"638\" height=\"480\" srcset=\"https:\/\/www.buroperiodistico.com.mx\/wp-content\/uploads\/2026\/01\/SOPVictoria-II.jpeg 638w, https:\/\/www.buroperiodistico.com.mx\/wp-content\/uploads\/2026\/01\/SOPVictoria-II-300x226.jpeg 300w\" sizes=\"auto, (max-width: 638px) 100vw, 638px\" \/> <img loading=\"lazy\" decoding=\"async\" class=\"aligncenter size-full wp-image-195520\" src=\"https:\/\/www.buroperiodistico.com.mx\/wp-content\/uploads\/2026\/01\/SOPVictoria.jpeg\" alt=\"\" width=\"1024\" height=\"685\" srcset=\"https:\/\/www.buroperiodistico.com.mx\/wp-content\/uploads\/2026\/01\/SOPVictoria.jpeg 1024w, https:\/\/www.buroperiodistico.com.mx\/wp-content\/uploads\/2026\/01\/SOPVictoria-300x201.jpeg 300w, https:\/\/www.buroperiodistico.com.mx\/wp-content\/uploads\/2026\/01\/SOPVictoria-768x514.jpeg 768w\" sizes=\"auto, (max-width: 1024px) 100vw, 1024px\" \/> <img loading=\"lazy\" decoding=\"async\" class=\"aligncenter size-full wp-image-195519\" src=\"https:\/\/www.buroperiodistico.com.mx\/wp-content\/uploads\/2026\/01\/SOPVictoria-III.jpeg\" alt=\"\" width=\"638\" height=\"480\" srcset=\"https:\/\/www.buroperiodistico.com.mx\/wp-content\/uploads\/2026\/01\/SOPVictoria-III.jpeg 638w, https:\/\/www.buroperiodistico.com.mx\/wp-content\/uploads\/2026\/01\/SOPVictoria-III-300x226.jpeg 300w\" sizes=\"auto, (max-width: 638px) 100vw, 638px\" \/><\/p>\n","protected":false},"excerpt":{"rendered":"<p>Ciudad Victoria, Tamaulipas (13-Enero-2026).- El Gobierno del Estado, a trav\u00e9s de la Secretar\u00eda de Obras&#8230;<\/p>\n","protected":false},"author":1,"featured_media":195517,"comment_status":"closed","ping_status":"closed","sticky":false,"template":"","format":"standard","meta":{"footnotes":"","jetpack_publicize_message":"","jetpack_publicize_feature_enabled":true,"jetpack_social_post_already_shared":true,"jetpack_social_options":{"image_generator_settings":{"template":"highway","default_image_id":0,"font":"","enabled":false},"version":2}},"categories":[10],"tags":[],"class_list":["post-195516","post","type-post","status-publish","format-standard","has-post-thumbnail","hentry","category-tamaulipas"],"jetpack_publicize_connections":[],"_links":{"self":[{"href":"https:\/\/www.buroperiodistico.com.mx\/index.php?rest_route=\/wp\/v2\/posts\/195516","targetHints":{"allow":["GET"]}}],"collection":[{"href":"https:\/\/www.buroperiodistico.com.mx\/index.php?rest_route=\/wp\/v2\/posts"}],"about":[{"href":"https:\/\/www.buroperiodistico.com.mx\/index.php?rest_route=\/wp\/v2\/types\/post"}],"author":[{"embeddable":true,"href":"https:\/\/www.buroperiodistico.com.mx\/index.php?rest_route=\/wp\/v2\/users\/1"}],"replies":[{"embeddable":true,"href":"https:\/\/www.buroperiodistico.com.mx\/index.php?rest_route=%2Fwp%2Fv2%2Fcomments&post=195516"}],"version-history":[{"count":1,"href":"https:\/\/www.buroperiodistico.com.mx\/index.php?rest_route=\/wp\/v2\/posts\/195516\/revisions"}],"predecessor-version":[{"id":195521,"href":"https:\/\/www.buroperiodistico.com.mx\/index.php?rest_route=\/wp\/v2\/posts\/195516\/revisions\/195521"}],"wp:featuredmedia":[{"embeddable":true,"href":"https:\/\/www.buroperiodistico.com.mx\/index.php?rest_route=\/wp\/v2\/media\/195517"}],"wp:attachment":[{"href":"https:\/\/www.buroperiodistico.com.mx\/index.php?rest_route=%2Fwp%2Fv2%2Fmedia&parent=195516"}],"wp:term":[{"taxonomy":"category","embeddable":true,"href":"https:\/\/www.buroperiodistico.com.mx\/index.php?rest_route=%2Fwp%2Fv2%2Fcategories&post=195516"},{"taxonomy":"post_tag","embeddable":true,"href":"https:\/\/www.buroperiodistico.com.mx\/index.php?rest_route=%2Fwp%2Fv2%2Ftags&post=195516"}],"curies":[{"name":"wp","href":"https:\/\/api.w.org\/{rel}","templated":true}]}}