{"id":195511,"date":"2026-01-13T17:09:52","date_gmt":"2026-01-13T23:09:52","guid":{"rendered":"https:\/\/www.buroperiodistico.com.mx\/?p=195511"},"modified":"2026-01-13T17:09:52","modified_gmt":"2026-01-13T23:09:52","slug":"imparten-platica-de-salud-mental-a-personal-de-la-guardia-estatal","status":"publish","type":"post","link":"https:\/\/www.buroperiodistico.com.mx\/?p=195511","title":{"rendered":"Imparten pl\u00e1tica de salud mental a personal de la Guardia Estatal"},"content":{"rendered":"<ul>\n<li><strong><em>Se brinda manejo del estr\u00e9s operativo como parte del desempe\u00f1o profesional<\/em><\/strong><\/li>\n<\/ul>\n<p><strong><img loading=\"lazy\" decoding=\"async\" class=\" wp-image-195514 alignright\" src=\"https:\/\/www.buroperiodistico.com.mx\/wp-content\/uploads\/2026\/01\/SSPEstatal-1.jpeg\" alt=\"\" width=\"510\" height=\"314\" srcset=\"https:\/\/www.buroperiodistico.com.mx\/wp-content\/uploads\/2026\/01\/SSPEstatal-1.jpeg 1024w, https:\/\/www.buroperiodistico.com.mx\/wp-content\/uploads\/2026\/01\/SSPEstatal-1-300x185.jpeg 300w, https:\/\/www.buroperiodistico.com.mx\/wp-content\/uploads\/2026\/01\/SSPEstatal-1-768x473.jpeg 768w\" sizes=\"auto, (max-width: 510px) 100vw, 510px\" \/>Ciudad Victoria, Tamaulipas (13-Enero-2026).-<\/strong> En el marco del D\u00eda Mundial de la Lucha contra la Depresi\u00f3n, personal de la Guardia Estatal recibi\u00f3 una pl\u00e1tica enfocada en la salud mental, proporcionada por la Delegaci\u00f3n Estatal de Atenci\u00f3n a la Violencia Familiar y de G\u00e9nero, misma que se llev\u00f3 a cabo en la explanada del Complejo Estatal de Seguridad P\u00fablica.<\/p>\n<p>La actividad estuvo a cargo de la jefa de la Unidad de Psicolog\u00eda, Debhani Esthela P\u00e9rez Loredo, perteneciente a la Coordinaci\u00f3n T\u00e9cnica de esta Delegaci\u00f3n de la Secretar\u00eda de Seguridad P\u00fablica de Tamaulipas (SSPT).<\/p>\n<p>Entre los temas abordados se incluyeron la importancia del autocuidado emocional, el manejo del estr\u00e9s operativo y la atenci\u00f3n a la salud mental como parte del desempe\u00f1o profesional.<\/p>\n<p>Dentro de las acciones desempe\u00f1adas por la SSPT para salvaguardar el bienestar de su personal operativo, esta dependencia brinda herramientas que permiten mantener en \u00f3ptimas condiciones la salud f\u00edsica y mental.<\/p>\n<p><img loading=\"lazy\" decoding=\"async\" class=\"aligncenter size-full wp-image-195512\" src=\"https:\/\/www.buroperiodistico.com.mx\/wp-content\/uploads\/2026\/01\/SSPEstatal-I-1.jpeg\" alt=\"\" width=\"640\" height=\"426\" srcset=\"https:\/\/www.buroperiodistico.com.mx\/wp-content\/uploads\/2026\/01\/SSPEstatal-I-1.jpeg 640w, https:\/\/www.buroperiodistico.com.mx\/wp-content\/uploads\/2026\/01\/SSPEstatal-I-1-300x200.jpeg 300w\" sizes=\"auto, (max-width: 640px) 100vw, 640px\" \/> <img loading=\"lazy\" decoding=\"async\" class=\"aligncenter size-full wp-image-195513\" src=\"https:\/\/www.buroperiodistico.com.mx\/wp-content\/uploads\/2026\/01\/SSPEstatal-II-1.jpeg\" alt=\"\" width=\"552\" height=\"480\" srcset=\"https:\/\/www.buroperiodistico.com.mx\/wp-content\/uploads\/2026\/01\/SSPEstatal-II-1.jpeg 552w, https:\/\/www.buroperiodistico.com.mx\/wp-content\/uploads\/2026\/01\/SSPEstatal-II-1-300x261.jpeg 300w\" sizes=\"auto, (max-width: 552px) 100vw, 552px\" \/><\/p>\n","protected":false},"excerpt":{"rendered":"<p>Se brinda manejo del estr\u00e9s operativo como parte del desempe\u00f1o profesional Ciudad Victoria, Tamaulipas (13-Enero-2026).-&#8230;<\/p>\n","protected":false},"author":1,"featured_media":195514,"comment_status":"closed","ping_status":"closed","sticky":false,"template":"","format":"standard","meta":{"footnotes":"","jetpack_publicize_message":"","jetpack_publicize_feature_enabled":true,"jetpack_social_post_already_shared":true,"jetpack_social_options":{"image_generator_settings":{"template":"highway","default_image_id":0,"font":"","enabled":false},"version":2}},"categories":[10],"tags":[],"class_list":["post-195511","post","type-post","status-publish","format-standard","has-post-thumbnail","hentry","category-tamaulipas"],"jetpack_publicize_connections":[],"_links":{"self":[{"href":"https:\/\/www.buroperiodistico.com.mx\/index.php?rest_route=\/wp\/v2\/posts\/195511","targetHints":{"allow":["GET"]}}],"collection":[{"href":"https:\/\/www.buroperiodistico.com.mx\/index.php?rest_route=\/wp\/v2\/posts"}],"about":[{"href":"https:\/\/www.buroperiodistico.com.mx\/index.php?rest_route=\/wp\/v2\/types\/post"}],"author":[{"embeddable":true,"href":"https:\/\/www.buroperiodistico.com.mx\/index.php?rest_route=\/wp\/v2\/users\/1"}],"replies":[{"embeddable":true,"href":"https:\/\/www.buroperiodistico.com.mx\/index.php?rest_route=%2Fwp%2Fv2%2Fcomments&post=195511"}],"version-history":[{"count":1,"href":"https:\/\/www.buroperiodistico.com.mx\/index.php?rest_route=\/wp\/v2\/posts\/195511\/revisions"}],"predecessor-version":[{"id":195515,"href":"https:\/\/www.buroperiodistico.com.mx\/index.php?rest_route=\/wp\/v2\/posts\/195511\/revisions\/195515"}],"wp:featuredmedia":[{"embeddable":true,"href":"https:\/\/www.buroperiodistico.com.mx\/index.php?rest_route=\/wp\/v2\/media\/195514"}],"wp:attachment":[{"href":"https:\/\/www.buroperiodistico.com.mx\/index.php?rest_route=%2Fwp%2Fv2%2Fmedia&parent=195511"}],"wp:term":[{"taxonomy":"category","embeddable":true,"href":"https:\/\/www.buroperiodistico.com.mx\/index.php?rest_route=%2Fwp%2Fv2%2Fcategories&post=195511"},{"taxonomy":"post_tag","embeddable":true,"href":"https:\/\/www.buroperiodistico.com.mx\/index.php?rest_route=%2Fwp%2Fv2%2Ftags&post=195511"}],"curies":[{"name":"wp","href":"https:\/\/api.w.org\/{rel}","templated":true}]}}