{"id":195508,"date":"2026-01-13T17:02:55","date_gmt":"2026-01-13T23:02:55","guid":{"rendered":"https:\/\/www.buroperiodistico.com.mx\/?p=195508"},"modified":"2026-01-13T17:02:55","modified_gmt":"2026-01-13T23:02:55","slug":"valida-permanente-19-aspirantes-a-fiscal-anticorrupcion-pleno-elegira-a-cuatro","status":"publish","type":"post","link":"https:\/\/www.buroperiodistico.com.mx\/?p=195508","title":{"rendered":"Valida permanente 19 aspirantes a fiscal anticorrupci\u00f3n; pleno elegir\u00e1 a cuatro"},"content":{"rendered":"<p><em><strong><img loading=\"lazy\" decoding=\"async\" class=\" wp-image-195509 alignright\" src=\"https:\/\/www.buroperiodistico.com.mx\/wp-content\/uploads\/2026\/01\/Congrexox.jpeg\" alt=\"\" width=\"490\" height=\"318\" srcset=\"https:\/\/www.buroperiodistico.com.mx\/wp-content\/uploads\/2026\/01\/Congrexox.jpeg 1024w, https:\/\/www.buroperiodistico.com.mx\/wp-content\/uploads\/2026\/01\/Congrexox-300x195.jpeg 300w, https:\/\/www.buroperiodistico.com.mx\/wp-content\/uploads\/2026\/01\/Congrexox-768x498.jpeg 768w\" sizes=\"auto, (max-width: 490px) 100vw, 490px\" \/>Cd. Victoria, Tam (13-Enero-2026).-<\/strong><\/em> La Diputaci\u00f3n Permanente dio por concluida la etapa de entrevistas a las personas aspirantes a Titular de la Fiscal\u00eda Especializada en Combate a la Corrupci\u00f3n, adscrita a la Fiscal\u00eda General de Justicia del Estado.<\/p>\n<p>Derivado de este proceso, la representaci\u00f3n popular emiti\u00f3 el dictamen final que contiene la lista de 19 personas que acreditaron el cumplimiento de los requisitos establecidos en la convocatoria y participaron en las entrevistas correspondientes.<\/p>\n<p>Asimismo, la Diputaci\u00f3n Permanente acord\u00f3 convocar a una Sesi\u00f3n P\u00fablica Extraordinaria, misma que se celebrar\u00e1 este mi\u00e9rcoles 14 de enero de 2026, a partir de las 16:00 horas, iniciando con Junta Previa para la elecci\u00f3n de la Mesa Directiva que conducir\u00e1 los trabajos legislativos.<\/p>\n<p>Durante dicha sesi\u00f3n, el Pleno del Congreso conocer\u00e1, discutir\u00e1 y, en su caso, aprobar\u00e1 diversos dict\u00e1menes, entre los que destaca el relativo a la presentaci\u00f3n de la lista de las personas candidatas que cumplieron con los requisitos legales y solventaron las entrevistas para la designaci\u00f3n de la persona Titular de la Fiscal\u00eda Especializada en Combate a la Corrupci\u00f3n.<\/p>\n<p>En este marco, las y los diputados integrantes del Pleno elegir\u00e1n hasta cuatro personas id\u00f3neas, quienes podr\u00e1n continuar con la siguiente etapa del procedimiento, consistente en la evaluaci\u00f3n mediante los ex\u00e1menes de control de confianza, previo a la designaci\u00f3n definitiva de la persona titular de dicha Fiscal\u00eda Especializada.<\/p>\n<p>Adem\u00e1s del procedimiento relacionado con la Fiscal\u00eda Anticorrupci\u00f3n, en la Sesi\u00f3n Extraordinaria se abordar\u00e1n diversos asuntos de relevancia para la vida institucional del estado, entre los que se encuentran la comunicaci\u00f3n remitida por el Poder Judicial del Estado relativa a la renuncia de un Juez Menor; dict\u00e1menes con proyectos de decreto en materia de reformas a la Constituci\u00f3n Pol\u00edtica del Estado y a la legislaci\u00f3n interna del Congreso; adiciones a disposiciones transitorias; reformas a la Ley para Prevenir y Erradicar la Discriminaci\u00f3n en el Estado de Tamaulipas; as\u00ed como autorizaciones a ayuntamientos para la donaci\u00f3n de predios destinados a proyectos de vivienda y de salud p\u00fablica.<\/p>\n","protected":false},"excerpt":{"rendered":"<p>Cd. Victoria, Tam (13-Enero-2026).- La Diputaci\u00f3n Permanente dio por concluida la etapa de entrevistas a&#8230;<\/p>\n","protected":false},"author":1,"featured_media":195509,"comment_status":"closed","ping_status":"closed","sticky":false,"template":"","format":"standard","meta":{"footnotes":"","jetpack_publicize_message":"","jetpack_publicize_feature_enabled":true,"jetpack_social_post_already_shared":true,"jetpack_social_options":{"image_generator_settings":{"template":"highway","default_image_id":0,"font":"","enabled":false},"version":2}},"categories":[17],"tags":[],"class_list":["post-195508","post","type-post","status-publish","format-standard","has-post-thumbnail","hentry","category-ciudadvictoria"],"jetpack_publicize_connections":[],"_links":{"self":[{"href":"https:\/\/www.buroperiodistico.com.mx\/index.php?rest_route=\/wp\/v2\/posts\/195508","targetHints":{"allow":["GET"]}}],"collection":[{"href":"https:\/\/www.buroperiodistico.com.mx\/index.php?rest_route=\/wp\/v2\/posts"}],"about":[{"href":"https:\/\/www.buroperiodistico.com.mx\/index.php?rest_route=\/wp\/v2\/types\/post"}],"author":[{"embeddable":true,"href":"https:\/\/www.buroperiodistico.com.mx\/index.php?rest_route=\/wp\/v2\/users\/1"}],"replies":[{"embeddable":true,"href":"https:\/\/www.buroperiodistico.com.mx\/index.php?rest_route=%2Fwp%2Fv2%2Fcomments&post=195508"}],"version-history":[{"count":1,"href":"https:\/\/www.buroperiodistico.com.mx\/index.php?rest_route=\/wp\/v2\/posts\/195508\/revisions"}],"predecessor-version":[{"id":195510,"href":"https:\/\/www.buroperiodistico.com.mx\/index.php?rest_route=\/wp\/v2\/posts\/195508\/revisions\/195510"}],"wp:featuredmedia":[{"embeddable":true,"href":"https:\/\/www.buroperiodistico.com.mx\/index.php?rest_route=\/wp\/v2\/media\/195509"}],"wp:attachment":[{"href":"https:\/\/www.buroperiodistico.com.mx\/index.php?rest_route=%2Fwp%2Fv2%2Fmedia&parent=195508"}],"wp:term":[{"taxonomy":"category","embeddable":true,"href":"https:\/\/www.buroperiodistico.com.mx\/index.php?rest_route=%2Fwp%2Fv2%2Fcategories&post=195508"},{"taxonomy":"post_tag","embeddable":true,"href":"https:\/\/www.buroperiodistico.com.mx\/index.php?rest_route=%2Fwp%2Fv2%2Ftags&post=195508"}],"curies":[{"name":"wp","href":"https:\/\/api.w.org\/{rel}","templated":true}]}}