{"id":195503,"date":"2026-01-13T15:25:56","date_gmt":"2026-01-13T21:25:56","guid":{"rendered":"https:\/\/www.buroperiodistico.com.mx\/?p=195503"},"modified":"2026-01-13T15:25:56","modified_gmt":"2026-01-13T21:25:56","slug":"certificara-la-uat-a-sus-estudiantes-con-estandares-internacionales","status":"publish","type":"post","link":"https:\/\/www.buroperiodistico.com.mx\/?p=195503","title":{"rendered":"Certificar\u00e1 la UAT a sus estudiantes con est\u00e1ndares internacionales"},"content":{"rendered":"<ul>\n<li><strong><em>El rector D\u00e1maso Anaya anunci\u00f3 un programa de veinte mil microcredenciales que permitir\u00e1n certificar competencias t\u00e9cnicas, habilidades blandas y capacidades transversales para fortalecer la formaci\u00f3n profesional.<\/em><\/strong><\/li>\n<\/ul>\n<p><strong><img loading=\"lazy\" decoding=\"async\" class=\" wp-image-195506 alignright\" src=\"https:\/\/www.buroperiodistico.com.mx\/wp-content\/uploads\/2026\/01\/UATx-3.jpeg\" alt=\"\" width=\"443\" height=\"219\" srcset=\"https:\/\/www.buroperiodistico.com.mx\/wp-content\/uploads\/2026\/01\/UATx-3.jpeg 1024w, https:\/\/www.buroperiodistico.com.mx\/wp-content\/uploads\/2026\/01\/UATx-3-300x148.jpeg 300w, https:\/\/www.buroperiodistico.com.mx\/wp-content\/uploads\/2026\/01\/UATx-3-768x380.jpeg 768w\" sizes=\"auto, (max-width: 443px) 100vw, 443px\" \/>Ciudad Victoria, Tam (13-Enero-2026).-<\/strong> El rector de la Universidad Aut\u00f3noma de Tamaulipas, D\u00e1maso Anaya Alvarado, present\u00f3 el Ecosistema Microcredenciales UAT, un programa estrat\u00e9gico orientado a fortalecer la formaci\u00f3n acad\u00e9mica, la actualizaci\u00f3n profesional y la empleabilidad de estudiantes, docentes y personal administrativo de la instituci\u00f3n.<\/p>\n<p>En el marco de la 16.\u00aa Reuni\u00f3n del Colegio de Directores de la UAT, el rector destac\u00f3 que esta iniciativa representa un paso decisivo para complementar los programas educativos vigentes, responder a las nuevas din\u00e1micas del mercado laboral y consolidar un modelo educativo m\u00e1s flexible, innovador y alineado con est\u00e1ndares internacionales.<\/p>\n<p>Como resultado de las gestiones y alianzas institucionales, destac\u00f3 que se han adquirido veinte mil microcredenciales internacionales, las cuales ser\u00e1n otorgadas de manera gratuita a estudiantes de bachillerato y licenciatura, as\u00ed como a personal docente y administrativo, con el objetivo de generar un impacto transversal en la formaci\u00f3n acad\u00e9mica, la actualizaci\u00f3n profesional y la empleabilidad de la comunidad universitaria.<\/p>\n<p>El Ecosistema Microcredenciales UAT contempla 17 tipos de certificaci\u00f3n, integrados por 10 certificaciones base y 7 certificaciones especializadas en \u00e1reas como ofim\u00e1tica y productividad digital, tecnolog\u00edas de la informaci\u00f3n, desarrollo de aplicaciones, educaci\u00f3n, dise\u00f1o y manufactura digital, emprendimiento, gesti\u00f3n de proyectos, marketing digital, redes y soporte tecnol\u00f3gico, as\u00ed como \u00e1reas vinculadas a las ciencias de la salud, hospitalidad y artes culinarias.<\/p>\n<p>Mediante la certificaci\u00f3n de competencias t\u00e9cnicas, habilidades blandas y capacidades transversales, estas microcredenciales complementar\u00e1n los planes de estudio y fortalecer\u00e1n la vinculaci\u00f3n con las demandas actuales del entorno profesional, fortaleciendo la formaci\u00f3n profesional de los estudiantes y los procesos de actualizaci\u00f3n del personal universitario.<\/p>\n<p>El programa se desarrolla mediante alianzas estrat\u00e9gicas con plataformas y organismos internacionales de certificaci\u00f3n, entre ellos Santander Universidades, lo que garantiza est\u00e1ndares de calidad y reconocimiento global.<\/p>\n<p>Adem\u00e1s de la presentaci\u00f3n de este ecosistema, durante la reuni\u00f3n se consolidaron tambi\u00e9n acuerdos orientados a la mejora continua, la optimizaci\u00f3n de recursos, la innovaci\u00f3n acad\u00e9mica y el fortalecimiento integral de la Universidad Aut\u00f3noma de Tamaulipas con una visi\u00f3n de desarrollo compartida.<\/p>\n<p><img loading=\"lazy\" decoding=\"async\" class=\"aligncenter size-full wp-image-195504\" src=\"https:\/\/www.buroperiodistico.com.mx\/wp-content\/uploads\/2026\/01\/UATx-I-1.jpeg\" alt=\"\" width=\"640\" height=\"427\" srcset=\"https:\/\/www.buroperiodistico.com.mx\/wp-content\/uploads\/2026\/01\/UATx-I-1.jpeg 640w, https:\/\/www.buroperiodistico.com.mx\/wp-content\/uploads\/2026\/01\/UATx-I-1-300x200.jpeg 300w\" sizes=\"auto, (max-width: 640px) 100vw, 640px\" \/> <img loading=\"lazy\" decoding=\"async\" class=\"aligncenter size-full wp-image-195505\" src=\"https:\/\/www.buroperiodistico.com.mx\/wp-content\/uploads\/2026\/01\/UATx-II-1.jpeg\" alt=\"\" width=\"640\" height=\"427\" srcset=\"https:\/\/www.buroperiodistico.com.mx\/wp-content\/uploads\/2026\/01\/UATx-II-1.jpeg 640w, https:\/\/www.buroperiodistico.com.mx\/wp-content\/uploads\/2026\/01\/UATx-II-1-300x200.jpeg 300w\" sizes=\"auto, (max-width: 640px) 100vw, 640px\" \/><\/p>\n","protected":false},"excerpt":{"rendered":"<p>El rector D\u00e1maso Anaya anunci\u00f3 un programa de veinte mil microcredenciales que permitir\u00e1n certificar competencias&#8230;<\/p>\n","protected":false},"author":1,"featured_media":195506,"comment_status":"closed","ping_status":"closed","sticky":false,"template":"","format":"standard","meta":{"footnotes":"","jetpack_publicize_message":"","jetpack_publicize_feature_enabled":true,"jetpack_social_post_already_shared":true,"jetpack_social_options":{"image_generator_settings":{"template":"highway","default_image_id":0,"font":"","enabled":false},"version":2}},"categories":[25,28],"tags":[],"class_list":["post-195503","post","type-post","status-publish","format-standard","has-post-thumbnail","hentry","category-portada","category-uat"],"jetpack_publicize_connections":[],"_links":{"self":[{"href":"https:\/\/www.buroperiodistico.com.mx\/index.php?rest_route=\/wp\/v2\/posts\/195503","targetHints":{"allow":["GET"]}}],"collection":[{"href":"https:\/\/www.buroperiodistico.com.mx\/index.php?rest_route=\/wp\/v2\/posts"}],"about":[{"href":"https:\/\/www.buroperiodistico.com.mx\/index.php?rest_route=\/wp\/v2\/types\/post"}],"author":[{"embeddable":true,"href":"https:\/\/www.buroperiodistico.com.mx\/index.php?rest_route=\/wp\/v2\/users\/1"}],"replies":[{"embeddable":true,"href":"https:\/\/www.buroperiodistico.com.mx\/index.php?rest_route=%2Fwp%2Fv2%2Fcomments&post=195503"}],"version-history":[{"count":1,"href":"https:\/\/www.buroperiodistico.com.mx\/index.php?rest_route=\/wp\/v2\/posts\/195503\/revisions"}],"predecessor-version":[{"id":195507,"href":"https:\/\/www.buroperiodistico.com.mx\/index.php?rest_route=\/wp\/v2\/posts\/195503\/revisions\/195507"}],"wp:featuredmedia":[{"embeddable":true,"href":"https:\/\/www.buroperiodistico.com.mx\/index.php?rest_route=\/wp\/v2\/media\/195506"}],"wp:attachment":[{"href":"https:\/\/www.buroperiodistico.com.mx\/index.php?rest_route=%2Fwp%2Fv2%2Fmedia&parent=195503"}],"wp:term":[{"taxonomy":"category","embeddable":true,"href":"https:\/\/www.buroperiodistico.com.mx\/index.php?rest_route=%2Fwp%2Fv2%2Fcategories&post=195503"},{"taxonomy":"post_tag","embeddable":true,"href":"https:\/\/www.buroperiodistico.com.mx\/index.php?rest_route=%2Fwp%2Fv2%2Ftags&post=195503"}],"curies":[{"name":"wp","href":"https:\/\/api.w.org\/{rel}","templated":true}]}}