{"id":195498,"date":"2026-01-13T15:19:41","date_gmt":"2026-01-13T21:19:41","guid":{"rendered":"https:\/\/www.buroperiodistico.com.mx\/?p=195498"},"modified":"2026-01-13T15:19:41","modified_gmt":"2026-01-13T21:19:41","slug":"inicia-jornada-de-vacunacion-municipal-contra-covid-influenza-y-neumococo","status":"publish","type":"post","link":"https:\/\/www.buroperiodistico.com.mx\/?p=195498","title":{"rendered":"INICIA JORNADA DE VACUNACI\u00d3N MUNICIPAL CONTRA COVID, INFLUENZA Y NEUMOCOCO\u00a0"},"content":{"rendered":"<p dir=\"ltr\"><em><strong><img loading=\"lazy\" decoding=\"async\" class=\" wp-image-195501 alignright\" src=\"https:\/\/www.buroperiodistico.com.mx\/wp-content\/uploads\/2026\/01\/JORNADA-VACUNACION.jpg\" alt=\"\" width=\"450\" height=\"285\" srcset=\"https:\/\/www.buroperiodistico.com.mx\/wp-content\/uploads\/2026\/01\/JORNADA-VACUNACION.jpg 1024w, https:\/\/www.buroperiodistico.com.mx\/wp-content\/uploads\/2026\/01\/JORNADA-VACUNACION-300x190.jpg 300w, https:\/\/www.buroperiodistico.com.mx\/wp-content\/uploads\/2026\/01\/JORNADA-VACUNACION-768x487.jpg 768w\" sizes=\"auto, (max-width: 450px) 100vw, 450px\" \/>Nuevo Laredo, Tam (13-Enero-2026).-<\/strong><\/em> Con una buena respuesta por parte de la poblaci\u00f3n que desea inmunizarse ante enfermedades principalmente respiratorias, la Secretar\u00eda de Bienestar Social del Gobierno Municipal de Nuevo Laredo lleva a cabo una jornada de vacunaci\u00f3n gratuita con el objetivo de proteger la salud de la poblaci\u00f3n y reforzar la prevenci\u00f3n.<\/p>\n<p dir=\"ltr\">Durante esta jornada que se lleva a cabo en las incautaciones de la direcci\u00f3n de Salud Municipal ubicada en el edificio anexo de Presidencia Municipal, se aplican vacunas contra COVID-19 e Influenza, las cuales permanecer\u00e1n vigentes.<\/p>\n<p dir=\"ltr\">El Gobierno Municipal invita a la ciudadan\u00eda a acudir ma\u00f1ana 14 de enero fecha en la que contin\u00faa la jornada de vacunaci\u00f3n, para recibir su dosis correspondiente.<\/p>\n<p dir=\"ltr\">La vacuna contra la influenza se aplica a partir de los 6 meses de edad y la vacuna contra el neumococo est\u00e1 dirigida a personas mayores de 50 a\u00f1os.<\/p>\n<p dir=\"ltr\">La Secretar\u00eda de Bienestar Social exhorta a la poblaci\u00f3n a participar y aprovechar esta jornada para proteger su salud y la de sus familias.<\/p>\n<p dir=\"ltr\"><img loading=\"lazy\" decoding=\"async\" class=\"aligncenter size-full wp-image-195499\" src=\"https:\/\/www.buroperiodistico.com.mx\/wp-content\/uploads\/2026\/01\/JORNADA-VACUNACION-I.jpg\" alt=\"\" width=\"640\" height=\"428\" srcset=\"https:\/\/www.buroperiodistico.com.mx\/wp-content\/uploads\/2026\/01\/JORNADA-VACUNACION-I.jpg 640w, https:\/\/www.buroperiodistico.com.mx\/wp-content\/uploads\/2026\/01\/JORNADA-VACUNACION-I-300x201.jpg 300w\" sizes=\"auto, (max-width: 640px) 100vw, 640px\" \/> <img loading=\"lazy\" decoding=\"async\" class=\"aligncenter size-full wp-image-195500\" src=\"https:\/\/www.buroperiodistico.com.mx\/wp-content\/uploads\/2026\/01\/JORNADA-VACUNACION-II.jpg\" alt=\"\" width=\"640\" height=\"428\" srcset=\"https:\/\/www.buroperiodistico.com.mx\/wp-content\/uploads\/2026\/01\/JORNADA-VACUNACION-II.jpg 640w, https:\/\/www.buroperiodistico.com.mx\/wp-content\/uploads\/2026\/01\/JORNADA-VACUNACION-II-300x201.jpg 300w\" sizes=\"auto, (max-width: 640px) 100vw, 640px\" \/><\/p>\n","protected":false},"excerpt":{"rendered":"<p>Nuevo Laredo, Tam (13-Enero-2026).- Con una buena respuesta por parte de la poblaci\u00f3n que desea&#8230;<\/p>\n","protected":false},"author":1,"featured_media":195501,"comment_status":"closed","ping_status":"closed","sticky":false,"template":"","format":"standard","meta":{"footnotes":"","jetpack_publicize_message":"","jetpack_publicize_feature_enabled":true,"jetpack_social_post_already_shared":true,"jetpack_social_options":{"image_generator_settings":{"template":"highway","default_image_id":0,"font":"","enabled":false},"version":2}},"categories":[16],"tags":[],"class_list":["post-195498","post","type-post","status-publish","format-standard","has-post-thumbnail","hentry","category-nuevolaredo"],"jetpack_publicize_connections":[],"_links":{"self":[{"href":"https:\/\/www.buroperiodistico.com.mx\/index.php?rest_route=\/wp\/v2\/posts\/195498","targetHints":{"allow":["GET"]}}],"collection":[{"href":"https:\/\/www.buroperiodistico.com.mx\/index.php?rest_route=\/wp\/v2\/posts"}],"about":[{"href":"https:\/\/www.buroperiodistico.com.mx\/index.php?rest_route=\/wp\/v2\/types\/post"}],"author":[{"embeddable":true,"href":"https:\/\/www.buroperiodistico.com.mx\/index.php?rest_route=\/wp\/v2\/users\/1"}],"replies":[{"embeddable":true,"href":"https:\/\/www.buroperiodistico.com.mx\/index.php?rest_route=%2Fwp%2Fv2%2Fcomments&post=195498"}],"version-history":[{"count":1,"href":"https:\/\/www.buroperiodistico.com.mx\/index.php?rest_route=\/wp\/v2\/posts\/195498\/revisions"}],"predecessor-version":[{"id":195502,"href":"https:\/\/www.buroperiodistico.com.mx\/index.php?rest_route=\/wp\/v2\/posts\/195498\/revisions\/195502"}],"wp:featuredmedia":[{"embeddable":true,"href":"https:\/\/www.buroperiodistico.com.mx\/index.php?rest_route=\/wp\/v2\/media\/195501"}],"wp:attachment":[{"href":"https:\/\/www.buroperiodistico.com.mx\/index.php?rest_route=%2Fwp%2Fv2%2Fmedia&parent=195498"}],"wp:term":[{"taxonomy":"category","embeddable":true,"href":"https:\/\/www.buroperiodistico.com.mx\/index.php?rest_route=%2Fwp%2Fv2%2Fcategories&post=195498"},{"taxonomy":"post_tag","embeddable":true,"href":"https:\/\/www.buroperiodistico.com.mx\/index.php?rest_route=%2Fwp%2Fv2%2Ftags&post=195498"}],"curies":[{"name":"wp","href":"https:\/\/api.w.org\/{rel}","templated":true}]}}