{"id":195490,"date":"2026-01-13T15:16:44","date_gmt":"2026-01-13T21:16:44","guid":{"rendered":"https:\/\/www.buroperiodistico.com.mx\/?p=195490"},"modified":"2026-01-13T15:16:44","modified_gmt":"2026-01-13T21:16:44","slug":"entregaron-alcalde-de-reynosa-y-coordinador-de-becas-las-tarjetas-rita-cetina","status":"publish","type":"post","link":"https:\/\/www.buroperiodistico.com.mx\/?p=195490","title":{"rendered":"Entregaron Alcalde de Reynosa y Coordinador de Becas las tarjetas Rita Cetina"},"content":{"rendered":"<p><em><strong><img loading=\"lazy\" decoding=\"async\" class=\" wp-image-195496 alignright\" src=\"https:\/\/www.buroperiodistico.com.mx\/wp-content\/uploads\/2026\/01\/Cpox-9.jpeg\" alt=\"\" width=\"521\" height=\"307\" srcset=\"https:\/\/www.buroperiodistico.com.mx\/wp-content\/uploads\/2026\/01\/Cpox-9.jpeg 1024w, https:\/\/www.buroperiodistico.com.mx\/wp-content\/uploads\/2026\/01\/Cpox-9-300x177.jpeg 300w, https:\/\/www.buroperiodistico.com.mx\/wp-content\/uploads\/2026\/01\/Cpox-9-768x452.jpeg 768w\" sizes=\"auto, (max-width: 521px) 100vw, 521px\" \/>Reynosa, Tam (13-Enero-2026).-<\/strong><\/em> La Maestra Larissa Cant\u00fa G\u00f3mez, dio la bienvenida al Alcalde Carlos Pe\u00f1a Ortiz y al Coordinador de Becas para el Bienestar, Alexander Alan Bola\u00f1os, para recibir el apoyo econ\u00f3mico escolar Rita Cetina de educaci\u00f3n b\u00e1sica: \u00abesta entrega es una oportunidad m\u00e1s para que nuestros alumnos, nuestros hijos, nuestras hijas puedan seguir estudiando, seguirse formando, que sean profesionistas, pongan el nombre de Reynosa en alto, por M\u00e9xico\u00bb.<\/p>\n<p>Agradeciendo la bienvenida de la Directora de la escuela secundaria general n\u00famero uno, Jos\u00e9 de Escand\u00f3n, el Presidente Municipal Carlos Pe\u00f1a Ortiz dijo, \u00abes una ma\u00f1ana de muy buenas noticias, este es un compromiso m\u00e1s de los gobiernos de transformaci\u00f3n, lo que buscamos a largo plazo es que todos los j\u00f3venes de M\u00e9xico se mantengan estudiando\u00bb dijo y ante alumnos, padres de familia y Maestros reconoci\u00f3 el programa del Gobierno de la Doctora Claudia Sheinbaum Pardo.<\/p>\n<p>#ReynosaImparable<br \/>\n#GobiernoMunicipalDeReynosa<\/p>\n<p><img loading=\"lazy\" decoding=\"async\" class=\"aligncenter size-full wp-image-195491\" src=\"https:\/\/www.buroperiodistico.com.mx\/wp-content\/uploads\/2026\/01\/Cpox-I-8.jpeg\" alt=\"\" width=\"640\" height=\"427\" srcset=\"https:\/\/www.buroperiodistico.com.mx\/wp-content\/uploads\/2026\/01\/Cpox-I-8.jpeg 640w, https:\/\/www.buroperiodistico.com.mx\/wp-content\/uploads\/2026\/01\/Cpox-I-8-300x200.jpeg 300w\" sizes=\"auto, (max-width: 640px) 100vw, 640px\" \/> <img loading=\"lazy\" decoding=\"async\" class=\"aligncenter size-full wp-image-195495\" src=\"https:\/\/www.buroperiodistico.com.mx\/wp-content\/uploads\/2026\/01\/Cpox-IIIII.jpeg\" alt=\"\" width=\"640\" height=\"427\" srcset=\"https:\/\/www.buroperiodistico.com.mx\/wp-content\/uploads\/2026\/01\/Cpox-IIIII.jpeg 640w, https:\/\/www.buroperiodistico.com.mx\/wp-content\/uploads\/2026\/01\/Cpox-IIIII-300x200.jpeg 300w\" sizes=\"auto, (max-width: 640px) 100vw, 640px\" \/> <img loading=\"lazy\" decoding=\"async\" class=\"aligncenter size-full wp-image-195494\" src=\"https:\/\/www.buroperiodistico.com.mx\/wp-content\/uploads\/2026\/01\/Cpox-IIII-4.jpeg\" alt=\"\" width=\"640\" height=\"427\" srcset=\"https:\/\/www.buroperiodistico.com.mx\/wp-content\/uploads\/2026\/01\/Cpox-IIII-4.jpeg 640w, https:\/\/www.buroperiodistico.com.mx\/wp-content\/uploads\/2026\/01\/Cpox-IIII-4-300x200.jpeg 300w\" sizes=\"auto, (max-width: 640px) 100vw, 640px\" \/> <img loading=\"lazy\" decoding=\"async\" class=\"aligncenter size-full wp-image-195493\" src=\"https:\/\/www.buroperiodistico.com.mx\/wp-content\/uploads\/2026\/01\/Cpox-III-5.jpeg\" alt=\"\" width=\"640\" height=\"427\" srcset=\"https:\/\/www.buroperiodistico.com.mx\/wp-content\/uploads\/2026\/01\/Cpox-III-5.jpeg 640w, https:\/\/www.buroperiodistico.com.mx\/wp-content\/uploads\/2026\/01\/Cpox-III-5-300x200.jpeg 300w\" sizes=\"auto, (max-width: 640px) 100vw, 640px\" \/> <img loading=\"lazy\" decoding=\"async\" class=\"aligncenter size-full wp-image-195492\" src=\"https:\/\/www.buroperiodistico.com.mx\/wp-content\/uploads\/2026\/01\/Cpox-II-7.jpeg\" alt=\"\" width=\"640\" height=\"459\" srcset=\"https:\/\/www.buroperiodistico.com.mx\/wp-content\/uploads\/2026\/01\/Cpox-II-7.jpeg 640w, https:\/\/www.buroperiodistico.com.mx\/wp-content\/uploads\/2026\/01\/Cpox-II-7-300x215.jpeg 300w\" sizes=\"auto, (max-width: 640px) 100vw, 640px\" \/><\/p>\n","protected":false},"excerpt":{"rendered":"<p>Reynosa, Tam (13-Enero-2026).- La Maestra Larissa Cant\u00fa G\u00f3mez, dio la bienvenida al Alcalde Carlos Pe\u00f1a&#8230;<\/p>\n","protected":false},"author":1,"featured_media":195496,"comment_status":"closed","ping_status":"closed","sticky":false,"template":"","format":"standard","meta":{"footnotes":"","jetpack_publicize_message":"","jetpack_publicize_feature_enabled":true,"jetpack_social_post_already_shared":true,"jetpack_social_options":{"image_generator_settings":{"template":"highway","default_image_id":0,"font":"","enabled":false},"version":2}},"categories":[25,9],"tags":[],"class_list":["post-195490","post","type-post","status-publish","format-standard","has-post-thumbnail","hentry","category-portada","category-reynosa"],"jetpack_publicize_connections":[],"_links":{"self":[{"href":"https:\/\/www.buroperiodistico.com.mx\/index.php?rest_route=\/wp\/v2\/posts\/195490","targetHints":{"allow":["GET"]}}],"collection":[{"href":"https:\/\/www.buroperiodistico.com.mx\/index.php?rest_route=\/wp\/v2\/posts"}],"about":[{"href":"https:\/\/www.buroperiodistico.com.mx\/index.php?rest_route=\/wp\/v2\/types\/post"}],"author":[{"embeddable":true,"href":"https:\/\/www.buroperiodistico.com.mx\/index.php?rest_route=\/wp\/v2\/users\/1"}],"replies":[{"embeddable":true,"href":"https:\/\/www.buroperiodistico.com.mx\/index.php?rest_route=%2Fwp%2Fv2%2Fcomments&post=195490"}],"version-history":[{"count":1,"href":"https:\/\/www.buroperiodistico.com.mx\/index.php?rest_route=\/wp\/v2\/posts\/195490\/revisions"}],"predecessor-version":[{"id":195497,"href":"https:\/\/www.buroperiodistico.com.mx\/index.php?rest_route=\/wp\/v2\/posts\/195490\/revisions\/195497"}],"wp:featuredmedia":[{"embeddable":true,"href":"https:\/\/www.buroperiodistico.com.mx\/index.php?rest_route=\/wp\/v2\/media\/195496"}],"wp:attachment":[{"href":"https:\/\/www.buroperiodistico.com.mx\/index.php?rest_route=%2Fwp%2Fv2%2Fmedia&parent=195490"}],"wp:term":[{"taxonomy":"category","embeddable":true,"href":"https:\/\/www.buroperiodistico.com.mx\/index.php?rest_route=%2Fwp%2Fv2%2Fcategories&post=195490"},{"taxonomy":"post_tag","embeddable":true,"href":"https:\/\/www.buroperiodistico.com.mx\/index.php?rest_route=%2Fwp%2Fv2%2Ftags&post=195490"}],"curies":[{"name":"wp","href":"https:\/\/api.w.org\/{rel}","templated":true}]}}