{"id":194823,"date":"2026-01-08T11:51:27","date_gmt":"2026-01-08T17:51:27","guid":{"rendered":"https:\/\/www.buroperiodistico.com.mx\/?p=194823"},"modified":"2026-01-08T11:51:27","modified_gmt":"2026-01-08T17:51:27","slug":"desdelafrontera-universidad-nueva-universidad-vieja","status":"publish","type":"post","link":"https:\/\/www.buroperiodistico.com.mx\/?p=194823","title":{"rendered":"#DESDELAFRONTERA\/ Universidad nueva, universidad vieja"},"content":{"rendered":"<p><em><strong>POR #PEDRONATIVIDAD<\/strong><\/em><\/p>\n<p>En Nuevo Laredo hay una verdad inc\u00f3moda que ya no cabe debajo del tapete acad\u00e9mico, la Universidad Tecnol\u00f3gica de Nuevo Laredo ya rebas\u00f3, y por mucho, a la Universidad Aut\u00f3noma de Tamaulipas. No es discurso, es realidad medible, observable y hoy validada por la propia Agencia Nacional de Aduanas de M\u00e9xico.<\/p>\n<p>Mientras la UTNL corre, la UAT bosteza. Mientras una forma talento para la frontera del futuro, la otra sigue graduando profesionistas para un pa\u00eds que ya qued\u00f3 en los archivos muertos.<\/p>\n<p>La diferencia es brutal y se resume en dos palabras que pesan como tr\u00e1iler en hora pico, pertinencia y oportunidad.<\/p>\n<p>Bajo la rector\u00eda de Jos\u00e9 Antonio Tovar Lara, la Universidad Tecnol\u00f3gica de Nuevo Laredo entendi\u00f3 algo elemental, la educaci\u00f3n no puede vivir de glorias pasadas ni de planes de estudio empolvados. Por eso ofrece carreras alineadas a la modernidad, a la log\u00edstica avanzada, al comercio internacional real, al an\u00e1lisis de riesgos y a la operaci\u00f3n aduanera del siglo XXI. Es decir, a lo que hoy demanda la frontera y el Estado mexicano.<\/p>\n<p>La UAT, en cambio, apenas despierta. Apenas anuncia que \u201cva a ingresar\u201d nuevas carreras que requieren las empresas que ya est\u00e1n llegando. Traducci\u00f3n pol\u00edtica, va tarde. Muy tarde. Cuando la UTNL ya est\u00e1 entregando egresados listos para operar, la UAT sigue redactando comunicados.<\/p>\n<p>Y la prueba m\u00e1s clara no viene de un bolet\u00edn universitario, sino de quien realmente manda en la aduana.<\/p>\n<p>La ANAM no firma convenios por cortes\u00eda. Firma por necesidad. Y hoy esa necesidad apunta directamente a la UTNL.<\/p>\n<p>Previo al periodo vacacional decembrino, Jos\u00e9 S\u00e1nchez P\u00e9rez, director general de Planeaci\u00f3n Aduanera de la ANAM; Miguel de Jes\u00fas Dorantes Cort\u00e9s, director de Modelos de Riesgos; y el teniente coronel Erik Omar Salinas Flores, titular de la Aduana de Nuevo Laredo, visitaron la Universidad Tecnol\u00f3gica de Nuevo Laredo para reunirse con sus autoridades y definir puntos estrat\u00e9gicos en beneficio directo de las y los egresados.<\/p>\n<p>Ah\u00ed, el rector Jos\u00e9 Antonio Tovar Lara puso sobre la mesa m\u00e1s de 400 curr\u00edculos de egresados, listos para ser considerados en diversas responsabilidades dentro de la agencia, ahora que la ANAM entrar\u00e1 en operaciones formales durante el presente a\u00f1o. No promesas, no discursos, perfiles listos para trabajar.<\/p>\n<p>Los directivos de la agencia no solo escucharon. Recorrieron las instalaciones, constataron el nivel de aprendizaje del estudiantado y presenciaron el Desaf\u00edo Aduanero, una competencia acad\u00e9mica que retrata mejor que cualquier folleto el tipo de talento que se est\u00e1 formando. Los ganadores, por cierto, competir\u00e1n en el Desaf\u00edo Aduanero Interuniversidades, llevando el nombre de la UTNL m\u00e1s all\u00e1 del aula.<\/p>\n<p>El mensaje fue claro y sin rodeos, la ANAM est\u00e1 muy interesada en contar entre sus filas con egresados de la UTNL y en recibir a sus estudiantes para realizar estad\u00edas profesionales dentro de sus propias instalaciones.<\/p>\n<p>Mientras unos presumen tradici\u00f3n, la UTNL presume resultados. Mientras unos anuncian lo que har\u00e1n, la UTNL ya lo est\u00e1 haciendo. Y mientras la UAT apenas se asoma al futuro, la Universidad Tecnol\u00f3gica de Nuevo Laredo ya est\u00e1 sentada a la mesa donde se toman las decisiones.<\/p>\n<p>En educaci\u00f3n, como en la aduana, el que llega tarde no solo pierde el turno\u2026 paga recargos.<\/p>\n<p style=\"text-align: center;\"><strong>INICIANDO EL A\u00d1O, ENTREGANDO OBRAS<\/strong><\/p>\n<p>Carmen Lilia Canturosas Villarreal arranc\u00f3 el a\u00f1o entregando obras, de esas que se pisan, se usan y se sienten.<\/p>\n<p>La gira por la colonia Valles de An\u00e1huac no fue una postal pol\u00edtica, fue un mensaje claro, el gobierno municipal sigue en modo ejecuci\u00f3n. M\u00e1s de 9 millones 726 mil pesos invertidos en infraestructura vial que transforma accesos, mejora la movilidad y eleva la calidad de vida de miles de familias. As\u00ed, sin rodeos.<\/p>\n<p>Ah\u00ed, frente a vecinos que durante a\u00f1os escucharon promesas, la alcaldesa dej\u00f3 algo muy claro, estas obras no son ocurrencia ni capricho, son respuesta a una demanda hist\u00f3rica. Calles principales que hoy son dignas, seguras y funcionales.<\/p>\n<p>La Quinta Avenida es ejemplo concreto del estilo de gobierno. En el cuerpo poniente se rehabilitaron mil 700 metros cuadrados con una inversi\u00f3n de 4 millones 217 mil pesos, mientras que en el cuerpo oriente se intervinieron m\u00e1s de 700 metros cuadrados, con recursos por un mill\u00f3n 500 mil pesos. No parches, no maquillaje, concreto hidr\u00e1ulico del bueno.<\/p>\n<p>A eso se suma la pavimentaci\u00f3n de la Calle 27, donde se invirtieron 2 millones 228 mil pesos para renovar m\u00e1s de 800 metros cuadrados, y la repavimentaci\u00f3n de la Avenida 6, con una inversi\u00f3n superior a 1 mill\u00f3n 440 mil pesos, atendiendo 307 metros cuadrados.<\/p>\n<p>El mensaje pol\u00edtico es evidente, Carmen Lilia entiende que gobernar no es inaugurar el a\u00f1o, sino sostener el ritmo.<\/p>\n<p style=\"text-align: center;\"><strong>UNA FRONTERA QUE \u201cPRENDE\u201d<\/strong><\/p>\n<p>Nuevo Laredo vuelve a aparecer en los planes estrat\u00e9gicos del desarrollo nacional. Y no en letra chiquita, sino con obras de alto voltaje, de esas que no se anuncian si no hay crecimiento real detr\u00e1s.<\/p>\n<p>La Comisi\u00f3n Federal de Electricidad acaba de encender una se\u00f1al clara, Nuevo Laredo sigue siendo prioridad. El inicio del proceso de licitaci\u00f3n para infraestructura el\u00e9ctrica en esta frontera no es un gesto administrativo, es una decisi\u00f3n pol\u00edtica y t\u00e9cnica que confirma que aqu\u00ed hay presente\u2026 y futuro.<\/p>\n<p>El mensaje lo puso sobre la mesa Roberto Manuel Rend\u00f3n, subsecretario de Electricidad y Energ\u00edas Renovables de la SEDENER, al explicar que estas obras forman parte del Programa de Obras 2026, dise\u00f1ado para robustecer el soporte de tensi\u00f3n y garantizar un suministro el\u00e9ctrico de alta calidad. Traducido al idioma de la calle, la ciudad crece, la industria exige m\u00e1s energ\u00eda y el Estado responde.<\/p>\n<p>Porque nadie invierte millones en reforzar una red el\u00e9ctrica si no hay demanda. Y nadie habla de confiabilidad, estabilidad y calidad si no hay empresas produciendo, familias consumiendo y una frontera que no se detiene.<\/p>\n<p>La joya t\u00e9cnica del paquete es la ampliaci\u00f3n de la Subestaci\u00f3n Nuevo Laredo con tecnolog\u00eda STATCOM, un Compensador Est\u00e1tico de Var de \u00faltima generaci\u00f3n. No es adorno ni ocurrencia. Es tecnolog\u00eda fina que regula el voltaje en tiempo real, corrige variaciones y mantiene estable el flujo el\u00e9ctrico incluso cuando la red se estresa. Justo lo que necesita una ciudad industrial que opera 24\/7.<\/p>\n<p>A eso se suma la ampliaci\u00f3n de la Subestaci\u00f3n Falc\u00f3n, con la instalaci\u00f3n de un banco de capacitores de 18 MVAr, una intervenci\u00f3n que mejora el factor de potencia y eleva la eficiencia en la distribuci\u00f3n de energ\u00eda. Menos p\u00e9rdidas, m\u00e1s rendimiento y mayor capacidad de respuesta para la industria y los hogares.<\/p>\n<p>Rend\u00f3n fue claro, no se trata solo de prevenir apagones, sino de elevar los est\u00e1ndares de confiabilidad.<\/p>\n<p>Este tipo de obras no llegan por casualidad. Llegan donde hay crecimiento, donde hay inversi\u00f3n, donde la frontera sigue siendo motor econ\u00f3mico y no simple punto de paso. Nuevo Laredo no est\u00e1 pidiendo atenci\u00f3n; la est\u00e1 recibiendo porque sigue siendo estrat\u00e9gico&#8230; \u00bfQu\u00e9, no?, NOS LEEMOS.<\/p>\n<p>Comentarios: pedropnatividad@gmail.com<\/p>\n","protected":false},"excerpt":{"rendered":"<p>POR #PEDRONATIVIDAD En Nuevo Laredo hay una verdad inc\u00f3moda que ya no cabe debajo del&#8230;<\/p>\n","protected":false},"author":1,"featured_media":149241,"comment_status":"closed","ping_status":"closed","sticky":false,"template":"","format":"standard","meta":{"footnotes":"","jetpack_publicize_message":"","jetpack_publicize_feature_enabled":true,"jetpack_social_post_already_shared":true,"jetpack_social_options":{"image_generator_settings":{"template":"highway","default_image_id":0,"font":"","enabled":false},"version":2}},"categories":[23],"tags":[],"class_list":["post-194823","post","type-post","status-publish","format-standard","has-post-thumbnail","hentry","category-columnas"],"jetpack_publicize_connections":[],"_links":{"self":[{"href":"https:\/\/www.buroperiodistico.com.mx\/index.php?rest_route=\/wp\/v2\/posts\/194823","targetHints":{"allow":["GET"]}}],"collection":[{"href":"https:\/\/www.buroperiodistico.com.mx\/index.php?rest_route=\/wp\/v2\/posts"}],"about":[{"href":"https:\/\/www.buroperiodistico.com.mx\/index.php?rest_route=\/wp\/v2\/types\/post"}],"author":[{"embeddable":true,"href":"https:\/\/www.buroperiodistico.com.mx\/index.php?rest_route=\/wp\/v2\/users\/1"}],"replies":[{"embeddable":true,"href":"https:\/\/www.buroperiodistico.com.mx\/index.php?rest_route=%2Fwp%2Fv2%2Fcomments&post=194823"}],"version-history":[{"count":1,"href":"https:\/\/www.buroperiodistico.com.mx\/index.php?rest_route=\/wp\/v2\/posts\/194823\/revisions"}],"predecessor-version":[{"id":194824,"href":"https:\/\/www.buroperiodistico.com.mx\/index.php?rest_route=\/wp\/v2\/posts\/194823\/revisions\/194824"}],"wp:featuredmedia":[{"embeddable":true,"href":"https:\/\/www.buroperiodistico.com.mx\/index.php?rest_route=\/wp\/v2\/media\/149241"}],"wp:attachment":[{"href":"https:\/\/www.buroperiodistico.com.mx\/index.php?rest_route=%2Fwp%2Fv2%2Fmedia&parent=194823"}],"wp:term":[{"taxonomy":"category","embeddable":true,"href":"https:\/\/www.buroperiodistico.com.mx\/index.php?rest_route=%2Fwp%2Fv2%2Fcategories&post=194823"},{"taxonomy":"post_tag","embeddable":true,"href":"https:\/\/www.buroperiodistico.com.mx\/index.php?rest_route=%2Fwp%2Fv2%2Ftags&post=194823"}],"curies":[{"name":"wp","href":"https:\/\/api.w.org\/{rel}","templated":true}]}}