{"id":194818,"date":"2026-01-08T11:39:54","date_gmt":"2026-01-08T17:39:54","guid":{"rendered":"https:\/\/www.buroperiodistico.com.mx\/?p=194818"},"modified":"2026-01-08T11:39:54","modified_gmt":"2026-01-08T17:39:54","slug":"continua-dif-reynosa-proceso-de-renovacion-de-becas","status":"publish","type":"post","link":"https:\/\/www.buroperiodistico.com.mx\/?p=194818","title":{"rendered":"Contin\u00faa DIF-Reynosa proceso de renovaci\u00f3n de becas"},"content":{"rendered":"<p><em><strong>Reynosa, Tam (8-Enero-2026).-<\/strong><\/em> El Sistema DIF-Reynosa que preside Carlos Luis Pe\u00f1a Garza, contin\u00faa con el proceso de renovaci\u00f3n de becas de los programas Contigo Soy Capaz, Apoyando Tu Futuro, Peque\u00f1os H\u00e9roes y Avanzando Contigo, a fin de apoyar a los menores de edad y adultos mayores con discapacidad, peque\u00f1os con c\u00e1ncer, as\u00ed como hermanos e hijos que tienen familiares en el Centro de Ejecuci\u00f3n de Sanciones.<\/p>\n<p>La convocatoria de renovaci\u00f3n permanecer\u00e1 vigente hasta el viernes 09 de enero, sujeto a disponibilidad de espacios, conforme a un calendario establecido de acuerdo con la inicial del primer apellido de cada beneficiario.<\/p>\n<p>Se invita a las familias que forman parte de estos programas, a acudir a realizar su tr\u00e1mite de renovaci\u00f3n en las instalaciones del DIF Central, ubicadas en bulevar Hidalgo n\u00famero 1900, en la colonia Hidalgo, donde personal brinda orientaci\u00f3n para asegurar el acceso oportuno a estos apoyos econ\u00f3micos.<\/p>\n<p><img loading=\"lazy\" decoding=\"async\" class=\"aligncenter  wp-image-194819\" src=\"https:\/\/www.buroperiodistico.com.mx\/wp-content\/uploads\/2026\/01\/DIFx-3.jpg\" alt=\"\" width=\"882\" height=\"477\" srcset=\"https:\/\/www.buroperiodistico.com.mx\/wp-content\/uploads\/2026\/01\/DIFx-3.jpg 1110w, https:\/\/www.buroperiodistico.com.mx\/wp-content\/uploads\/2026\/01\/DIFx-3-300x162.jpg 300w, https:\/\/www.buroperiodistico.com.mx\/wp-content\/uploads\/2026\/01\/DIFx-3-1024x554.jpg 1024w, https:\/\/www.buroperiodistico.com.mx\/wp-content\/uploads\/2026\/01\/DIFx-3-768x415.jpg 768w\" sizes=\"auto, (max-width: 882px) 100vw, 882px\" \/><\/p>\n","protected":false},"excerpt":{"rendered":"<p>Reynosa, Tam (8-Enero-2026).- El Sistema DIF-Reynosa que preside Carlos Luis Pe\u00f1a Garza, contin\u00faa con el&#8230;<\/p>\n","protected":false},"author":1,"featured_media":194819,"comment_status":"closed","ping_status":"closed","sticky":false,"template":"","format":"standard","meta":{"footnotes":"","jetpack_publicize_message":"","jetpack_publicize_feature_enabled":true,"jetpack_social_post_already_shared":true,"jetpack_social_options":{"image_generator_settings":{"template":"highway","default_image_id":0,"font":"","enabled":false},"version":2}},"categories":[9],"tags":[],"class_list":["post-194818","post","type-post","status-publish","format-standard","has-post-thumbnail","hentry","category-reynosa"],"jetpack_publicize_connections":[],"_links":{"self":[{"href":"https:\/\/www.buroperiodistico.com.mx\/index.php?rest_route=\/wp\/v2\/posts\/194818","targetHints":{"allow":["GET"]}}],"collection":[{"href":"https:\/\/www.buroperiodistico.com.mx\/index.php?rest_route=\/wp\/v2\/posts"}],"about":[{"href":"https:\/\/www.buroperiodistico.com.mx\/index.php?rest_route=\/wp\/v2\/types\/post"}],"author":[{"embeddable":true,"href":"https:\/\/www.buroperiodistico.com.mx\/index.php?rest_route=\/wp\/v2\/users\/1"}],"replies":[{"embeddable":true,"href":"https:\/\/www.buroperiodistico.com.mx\/index.php?rest_route=%2Fwp%2Fv2%2Fcomments&post=194818"}],"version-history":[{"count":1,"href":"https:\/\/www.buroperiodistico.com.mx\/index.php?rest_route=\/wp\/v2\/posts\/194818\/revisions"}],"predecessor-version":[{"id":194820,"href":"https:\/\/www.buroperiodistico.com.mx\/index.php?rest_route=\/wp\/v2\/posts\/194818\/revisions\/194820"}],"wp:featuredmedia":[{"embeddable":true,"href":"https:\/\/www.buroperiodistico.com.mx\/index.php?rest_route=\/wp\/v2\/media\/194819"}],"wp:attachment":[{"href":"https:\/\/www.buroperiodistico.com.mx\/index.php?rest_route=%2Fwp%2Fv2%2Fmedia&parent=194818"}],"wp:term":[{"taxonomy":"category","embeddable":true,"href":"https:\/\/www.buroperiodistico.com.mx\/index.php?rest_route=%2Fwp%2Fv2%2Fcategories&post=194818"},{"taxonomy":"post_tag","embeddable":true,"href":"https:\/\/www.buroperiodistico.com.mx\/index.php?rest_route=%2Fwp%2Fv2%2Ftags&post=194818"}],"curies":[{"name":"wp","href":"https:\/\/api.w.org\/{rel}","templated":true}]}}