{"id":194799,"date":"2026-01-07T22:06:02","date_gmt":"2026-01-08T04:06:02","guid":{"rendered":"https:\/\/www.buroperiodistico.com.mx\/?p=194799"},"modified":"2026-01-07T22:06:02","modified_gmt":"2026-01-08T04:06:02","slug":"de-primera-la-dama-de-la-noticia-por-arabela-garcia-327","status":"publish","type":"post","link":"https:\/\/www.buroperiodistico.com.mx\/?p=194799","title":{"rendered":"DE PRIMERA \u2026LA DAMA DE LA NOTICIA\/ POR ARABELA GARCIA"},"content":{"rendered":"<ul>\n<li><strong><em>\u00ab\u00a1Den la Cara! Contra el Pasamonta\u00f1as Digital y la Diatriba sin Rostro\u00bb<\/em><\/strong><\/li>\n<li><strong><em>La Cara de la Verdad contra el Rostro del Anonimato<\/em><\/strong><\/li>\n<\/ul>\n<p><em><strong>(7-Enero-2026).-<\/strong><\/em> El periodismo no es para cobardes. Nunca lo ha sido. En una era donde cualquier dispositivo con internet se convierte en un arma de cr\u00edtica, la diferencia entre un ciudadano con un teclado y un periodista con \u00e9tica radica en una acci\u00f3n fundamental: dar la cara.<\/p>\n<p>Este 7 de enero, en el marco del D\u00eda del Periodista, el gobernador Am\u00e9rico Villarreal Anaya puso el dedo en la llaga de la comunicaci\u00f3n moderna. Al comparar nuestra labor con la precisi\u00f3n de la cirug\u00eda, fue tajante: el periodismo exige responsabilidad y presencia. El anonimato en las redes sociales no es libertad de expresi\u00f3n; es, en la mayor\u00eda de los casos, un refugio de la perversidad, el inter\u00e9s oscuro y la diatriba gratuita.<\/p>\n<p>El Escudo de los Valientes<\/p>\n<p>En Tamaulipas, la narrativa est\u00e1 cambiando. Escuchar desde el poder que \u00abla verdad es el principio y la libertad el derecho\u00bb no es cosa menor en una tierra que conoce bien los silencios impuestos. Sin embargo, el mensaje de este a\u00f1o lleva una carga de profundidad \u00e9tica: la cr\u00edtica sin rostro no construye sociedad, solo genera ruido.<\/p>\n<p>El periodista profesional firma lo que escribe. Sostiene sus fuentes. Mira a los ojos al funcionario mientras pregunta. Esa es la \u00abpasi\u00f3n profesional\u00bb a la que se refiri\u00f3 el mandatario en el Casino Victorense. Mientras que en las sombras digitales se lanzan dardos envenenados bajo seud\u00f3nimos, el periodista tamaulipeco sale a la calle, documenta y asume las consecuencias de su palabra.<\/p>\n<p>Una Mesa de Di\u00e1logo Real<\/p>\n<p>Lo vivido en este encuentro estatal \u2014donde colegas de Matamoros pudimos intercambiar visiones directamente con los titulares del gabinete\u2014 es el ejercicio pr\u00e1ctico de lo que Francisco Cu\u00e9llar Cardona defini\u00f3 como una \u00abcondici\u00f3n de la democracia\u00bb. No hubo l\u00edneas dictadas, sino interlocuci\u00f3n.<\/p>\n<p>Ver al Secretario de Salud, Vicente Joel Hern\u00e1ndez Navarro, sentado en nuestra mesa conversando sobre la prevenci\u00f3n y el bienestar, es el recordatorio de que la comunicaci\u00f3n social debe servir para la vida, no para el conflicto est\u00e9ril. Pero esa salud social solo se logra si la informaci\u00f3n es verificada, plural y, sobre todo, responsable.<\/p>\n<p>El Fin de la M\u00e1scara Digital<\/p>\n<p>Es momento de elevar el est\u00e1ndar. La sociedad civil debe entender que el derecho a la cr\u00edtica conlleva el deber de la identidad. Quien critica desde la sombra no busca justicia, busca da\u00f1o.<\/p>\n<p>\u00abEl anonimato es generalmente cobarde\u00bb, sentenci\u00f3 Villarreal. Y tiene raz\u00f3n.<\/p>\n<p>Para que Tamaulipas siga construyendo una realidad m\u00e1s justa, necesitamos menos \u00abavatares\u00bb agresivos y m\u00e1s ciudadanos \u2014y periodistas\u2014 dispuestos a sostener sus argumentos con el nombre propio por delante. La libertad de expresi\u00f3n es un pecho abierto, no un muro de piedra detr\u00e1s del cual esconderse.<\/p>\n<p>Honrar a quienes se fueron en 2025, a esos colegas que dejaron la vida firmando sus notas y defendiendo sus verdades, es el mejor motivo para exigir que, de ahora en adelante, la cr\u00edtica d\u00e9 la cara. Porque donde hay rostro, hay responsabilidad; y donde hay responsabilidad, hay democracia.<\/p>\n<p>Presencia Matamorense: Unidad y Profesionalismo en la Capital<\/p>\n<p>M\u00e1s all\u00e1 de la ret\u00f3rica oficial, la delegaci\u00f3n de comunicadores de Matamoros marc\u00f3 una pauta de unidad y oficio durante el encuentro estatal. Con una representaci\u00f3n de m\u00e1s de una docena de periodistas, nuestra ciudad dej\u00f3 claro que en la frontera no solo se informa, se hace comunidad.<\/p>\n<p>La din\u00e1mica del evento permiti\u00f3 que la mesa de Matamoros se convirtiera en un verdadero foro de gesti\u00f3n y an\u00e1lisis. Contamos con la presencia del Dr. Vicente Joel Hern\u00e1ndez Navarro, Secretario de Salud, con quien se mantuvo un di\u00e1logo que trascendi\u00f3 la agenda pol\u00edtica. Entre an\u00e9cdotas y reflexiones sobre la calidad de vida, el funcionario enfatiz\u00f3 que la salud del coraz\u00f3n \u2014ese motor que a veces descuidamos por la adrenalina de la noticia\u2014 depende de la disciplina, el ejercicio y, sobre todo, de aprender a gestionar el estr\u00e9s en una profesi\u00f3n tan demandante como la nuestra.<\/p>\n<p>Esta cercan\u00eda entre los secretarios de estado y los comunicadores de Matamoros no es un detalle menor. Representa el reconocimiento a una prensa que recorre kil\u00f3metros para buscar la nota, que cuestiona de frente y que, como bien se destac\u00f3 en el discurso central, da la cara en cada entrega.<\/p>\n<p>Matamoros estuvo presente, no solo como testigo, sino como protagonista de un periodismo que exige memoria, que respeta la trayectoria de los que se adelantaron y que reafirma su compromiso con la veracidad desde el primer minuto de este 2026..<\/p>\n<p>SUGERENCIAS Y COMENTARIOS arabelagarcia01@hotmail.com<\/p>\n","protected":false},"excerpt":{"rendered":"<p>\u00ab\u00a1Den la Cara! Contra el Pasamonta\u00f1as Digital y la Diatriba sin Rostro\u00bb La Cara de&#8230;<\/p>\n","protected":false},"author":1,"featured_media":149592,"comment_status":"closed","ping_status":"closed","sticky":false,"template":"","format":"standard","meta":{"footnotes":"","jetpack_publicize_message":"","jetpack_publicize_feature_enabled":true,"jetpack_social_post_already_shared":true,"jetpack_social_options":{"image_generator_settings":{"template":"highway","default_image_id":0,"font":"","enabled":false},"version":2}},"categories":[23],"tags":[],"class_list":["post-194799","post","type-post","status-publish","format-standard","has-post-thumbnail","hentry","category-columnas"],"jetpack_publicize_connections":[],"_links":{"self":[{"href":"https:\/\/www.buroperiodistico.com.mx\/index.php?rest_route=\/wp\/v2\/posts\/194799","targetHints":{"allow":["GET"]}}],"collection":[{"href":"https:\/\/www.buroperiodistico.com.mx\/index.php?rest_route=\/wp\/v2\/posts"}],"about":[{"href":"https:\/\/www.buroperiodistico.com.mx\/index.php?rest_route=\/wp\/v2\/types\/post"}],"author":[{"embeddable":true,"href":"https:\/\/www.buroperiodistico.com.mx\/index.php?rest_route=\/wp\/v2\/users\/1"}],"replies":[{"embeddable":true,"href":"https:\/\/www.buroperiodistico.com.mx\/index.php?rest_route=%2Fwp%2Fv2%2Fcomments&post=194799"}],"version-history":[{"count":1,"href":"https:\/\/www.buroperiodistico.com.mx\/index.php?rest_route=\/wp\/v2\/posts\/194799\/revisions"}],"predecessor-version":[{"id":194800,"href":"https:\/\/www.buroperiodistico.com.mx\/index.php?rest_route=\/wp\/v2\/posts\/194799\/revisions\/194800"}],"wp:featuredmedia":[{"embeddable":true,"href":"https:\/\/www.buroperiodistico.com.mx\/index.php?rest_route=\/wp\/v2\/media\/149592"}],"wp:attachment":[{"href":"https:\/\/www.buroperiodistico.com.mx\/index.php?rest_route=%2Fwp%2Fv2%2Fmedia&parent=194799"}],"wp:term":[{"taxonomy":"category","embeddable":true,"href":"https:\/\/www.buroperiodistico.com.mx\/index.php?rest_route=%2Fwp%2Fv2%2Fcategories&post=194799"},{"taxonomy":"post_tag","embeddable":true,"href":"https:\/\/www.buroperiodistico.com.mx\/index.php?rest_route=%2Fwp%2Fv2%2Ftags&post=194799"}],"curies":[{"name":"wp","href":"https:\/\/api.w.org\/{rel}","templated":true}]}}