{"id":194790,"date":"2026-01-07T21:45:49","date_gmt":"2026-01-08T03:45:49","guid":{"rendered":"https:\/\/www.buroperiodistico.com.mx\/?p=194790"},"modified":"2026-01-07T21:45:49","modified_gmt":"2026-01-08T03:45:49","slug":"agenda-fronteriza-por-humberto-gutierrez-672","status":"publish","type":"post","link":"https:\/\/www.buroperiodistico.com.mx\/?p=194790","title":{"rendered":"AGENDA FRONTERIZA\/ POR HUMBERTO GUTI\u00c9RREZ"},"content":{"rendered":"<p style=\"text-align: center;\"><em><strong>EL GOBER AGARR\u00d3 LA VACA POR LOS CUERNOS<\/strong><\/em><\/p>\n<p><em><strong>(7-Enero-2026).-<\/strong><\/em> Hoy al levantarme, temprano como todos los d\u00edas, me pongo a leer con una buena taza de caf\u00e9 caliente que me sirve como arrancador de los motores viejos.<\/p>\n<p>Hoy leo que, desde cuatro a\u00f1os, se reuni\u00f3 el gobernador AMERICO para celebrar el D\u00eda del Periodista.<\/p>\n<p>El antecedente es que la \u00e9poca que gobern\u00f3 el PAN con Cabeza de Vaca, lleg\u00f3 con la espada contra periodistas l\u00edderes de opini\u00f3n, l\u00edderes sociales de la localidad, que por instrucci\u00f3n fuimos reprimidos, perseguidos, amenazados y encarcelados. Hubo de todo, una cacer\u00eda sobre todo a los priistas o que no le simpatizaban.<\/p>\n<p>Por eso tuvo muy mala prensa.<\/p>\n<p>Su abuso del poder y ambici\u00f3n, ahora es v\u00edctima de su propia creaci\u00f3n.<\/p>\n<p>A la llegada al poder del gobierno de la Cuarta Transformaci\u00f3n, la Libertad de Expresi\u00f3n se ejerce a carta cabal, sin presiones y sin hostigamientos por la gente que tiene el poder.<\/p>\n<p>PACO CUELLAR lo vivi\u00f3.<\/p>\n<p>Lo dijo muy claro AVA, \u201cEl periodismo debe ejercerse dando la cara, firmando, sin el anonimato que es generalmente cobarde y esconde intereses\u201d.<\/p>\n<p>Un mensaje claro para quienes diariamente aprovechado el anonimato de las redes sociales que alimentan su odio y lamentan que no est\u00e9n el poder p\u00fablico.<\/p>\n<p>Una nota, editorial que no se firma, no tiene valor.<\/p>\n<p>As\u00ed las cosas. Agarr\u00f3 al toro por los cuernos.<\/p>\n<p>Hoy leo tambi\u00e9n, sobre la econom\u00eda de Estados Unidos. La econom\u00eda en 2025 estuvo llena de contradicciones: el crecimiento fue saludable mientras la contrataci\u00f3n se desaceler\u00f3, la inflaci\u00f3n se mantuvo elevada y el desempleo aument\u00f3.<\/p>\n<p>Malas noticias, se percibe que la econom\u00eda de Estados Unidos y la influencia de esta naci\u00f3n caer\u00eda como el imperio romano.<\/p>\n<p>Algunos economistas temen que la inflaci\u00f3n empeore a principios de 2026, a medida que las empresas implementen cambios de precios anuales y transfieran m\u00e1s costos de aranceles.<\/p>\n<p>Hablaba ayer del impacto social que tienen las obras de infraestructura productiva en las regiones del estado, le han dado al estado supremac\u00eda econ\u00f3mica elev\u00e1ndose al segundo lugar en el pa\u00eds en materia de crecimiento.<\/p>\n<p>Con energ\u00eda el\u00e9ctrica, agua y servicios p\u00fablicos, buena gesti\u00f3n del gobernador en turno se puede lograr mejores condiciones de vida para sus habitantes, creando condiciones favorables para atraer a inversionistas y empresas. Con un gobierno que desde el espacio p\u00fablico genere condiciones de honorabilidad y confianza hace posible la atracci\u00f3n ce capital y el arraigo de los que ya existen.<\/p>\n<p>El gobernador gestion\u00f3 un importante paquete de proyectos para este a\u00f1o en las regiones de Tamaulipas.<\/p>\n<p>Tal es el caso de la ciudad capital, es una obra que se realiza en coordinaci\u00f3n de los tres niveles de gobierno, municipio de Victoria, Estado de Tamaulipas y gobierno de M\u00e9xico con un costo superior a los 2 mil millones de pesos.<\/p>\n<p>Se trata de la segunda l\u00ednea del acueducto Guadalupe Victoria continua en un avance progresivo que no se detiene. Se prev\u00e9 que se inaugure en 2027.<\/p>\n<p>Lo que sin duda mejorara las condiciones de habitabilidad y la atracci\u00f3n de empresas para la zona centro.<\/p>\n<p>Los que saben decodificar los mensajes califican como grilla barata a los que quieren desestabilizar la buena marcha de la UAT.<\/p>\n<p>El Rector DAMASO ANAYA ALVARADO ha devuelto la esencia a la universidad p\u00fablica de Tamaulipas generando confianza entre la sociedad de los 43 municipios por su esp\u00edritu colaborativo de participaci\u00f3n en el desarrollo econ\u00f3mico de las comunidades y municipios, ha engrandecido la matricula generando oportunidades a m\u00e1s j\u00f3venes en el acceso a la educaci\u00f3n superior.<\/p>\n<p>El respaldo del se\u00f1or gobernador, el l\u00edder pol\u00edtico del estado no deja lugar a dudas, sus logros en la academia, en el deporte e infraestructura, bajo la administraci\u00f3n con sentido social y humanista de la UAT respalda al Rector ANAYA y lo vacuna para otras grillas.<\/p>\n<p>En el palacio de gobierno municipal, el presidente municipal EDUARDO GATTAS BAEZ, presidi\u00f3 la primera reuni\u00f3n de este a\u00f1o con su gabinete para dar continuidad con calidad a los servicios que la ciudadan\u00eda merece.<\/p>\n<p>SABIA QUE \u00bf?<\/p>\n<p>M\u00e9xico contar\u00e1 con 134 millones de habitantes, por grupo de edad, de 1 a 11 a\u00f1os de dad ser\u00e1 de 18.4%12 a 29 a\u00f1os 29.7 %, 30 a 59 a\u00f1os 38.6% y de 60 y m\u00e1s, 13.3%.<\/p>\n<p>YANILA: El robo a un empleado de la COMAPA-VICTORIA de 560 mil pesos que iba a depositar al banco debe de investigarse, y regresar el dinero robado a punta de pistola. Que no sea el caso de ladr\u00f3n que roba a ladr\u00f3n, tiene 100 a\u00f1os de perd\u00f3n.<\/p>\n<p>Un banco tiene c\u00e1maras, por lo general en la zona del robo existen c\u00e1maras del C5 que f\u00e1cilmente detectar\u00edan a los rateros, si tienen voluntad para rastrearlos.<\/p>\n<p>AGENDA FRONTERIZA es una colaboraci\u00f3n de temas relacionados con el desarrollo econ\u00f3mico del estado de Tamaulipas y sus municipios. Se distribuye a trav\u00e9s de la Agencia Informaci\u00f3n y An\u00e1lisis Estad\u00edstico.<\/p>\n<p>MI CORREO : humbertografico@yahoo.com.mx<\/p>\n","protected":false},"excerpt":{"rendered":"<p>EL GOBER AGARR\u00d3 LA VACA POR LOS CUERNOS (7-Enero-2026).- Hoy al levantarme, temprano como todos&#8230;<\/p>\n","protected":false},"author":1,"featured_media":149410,"comment_status":"closed","ping_status":"closed","sticky":false,"template":"","format":"standard","meta":{"footnotes":"","jetpack_publicize_message":"","jetpack_publicize_feature_enabled":true,"jetpack_social_post_already_shared":true,"jetpack_social_options":{"image_generator_settings":{"template":"highway","default_image_id":0,"font":"","enabled":false},"version":2}},"categories":[23],"tags":[],"class_list":["post-194790","post","type-post","status-publish","format-standard","has-post-thumbnail","hentry","category-columnas"],"jetpack_publicize_connections":[],"_links":{"self":[{"href":"https:\/\/www.buroperiodistico.com.mx\/index.php?rest_route=\/wp\/v2\/posts\/194790","targetHints":{"allow":["GET"]}}],"collection":[{"href":"https:\/\/www.buroperiodistico.com.mx\/index.php?rest_route=\/wp\/v2\/posts"}],"about":[{"href":"https:\/\/www.buroperiodistico.com.mx\/index.php?rest_route=\/wp\/v2\/types\/post"}],"author":[{"embeddable":true,"href":"https:\/\/www.buroperiodistico.com.mx\/index.php?rest_route=\/wp\/v2\/users\/1"}],"replies":[{"embeddable":true,"href":"https:\/\/www.buroperiodistico.com.mx\/index.php?rest_route=%2Fwp%2Fv2%2Fcomments&post=194790"}],"version-history":[{"count":1,"href":"https:\/\/www.buroperiodistico.com.mx\/index.php?rest_route=\/wp\/v2\/posts\/194790\/revisions"}],"predecessor-version":[{"id":194791,"href":"https:\/\/www.buroperiodistico.com.mx\/index.php?rest_route=\/wp\/v2\/posts\/194790\/revisions\/194791"}],"wp:featuredmedia":[{"embeddable":true,"href":"https:\/\/www.buroperiodistico.com.mx\/index.php?rest_route=\/wp\/v2\/media\/149410"}],"wp:attachment":[{"href":"https:\/\/www.buroperiodistico.com.mx\/index.php?rest_route=%2Fwp%2Fv2%2Fmedia&parent=194790"}],"wp:term":[{"taxonomy":"category","embeddable":true,"href":"https:\/\/www.buroperiodistico.com.mx\/index.php?rest_route=%2Fwp%2Fv2%2Fcategories&post=194790"},{"taxonomy":"post_tag","embeddable":true,"href":"https:\/\/www.buroperiodistico.com.mx\/index.php?rest_route=%2Fwp%2Fv2%2Ftags&post=194790"}],"curies":[{"name":"wp","href":"https:\/\/api.w.org\/{rel}","templated":true}]}}