{"id":194787,"date":"2026-01-07T21:24:58","date_gmt":"2026-01-08T03:24:58","guid":{"rendered":"https:\/\/www.buroperiodistico.com.mx\/?p=194787"},"modified":"2026-01-07T21:24:58","modified_gmt":"2026-01-08T03:24:58","slug":"la-nube-sin-firma-no-hay-periodismo","status":"publish","type":"post","link":"https:\/\/www.buroperiodistico.com.mx\/?p=194787","title":{"rendered":"La Nube\/ Sin firma no hay periodismo"},"content":{"rendered":"<p><em><strong>Por: Mart\u00edn D\u00edaz<\/strong><\/em><\/p>\n<p>En el marco del D\u00eda del Periodista, el llamado a la libertad de expresi\u00f3n vino acompa\u00f1ado de una exigencia clave: ejercer el oficio con responsabilidad, \u00e9tica y el valor de asumir la autor\u00eda de lo que se publica.<\/p>\n<p>El encuentro encabezado por el gobernador Am\u00e9rico Villarreal Anaya con comunicadores de todo el estado dej\u00f3 un mensaje que va m\u00e1s all\u00e1 de la conmemoraci\u00f3n. No se trat\u00f3 solo de reiterar el respeto a la libertad de expresi\u00f3n o al derecho de opini\u00f3n \u2014principios indispensables en cualquier democracia\u2014, sino de subrayar que el periodismo no es un ejercicio impune ni an\u00f3nimo, sino una labor que exige compromiso profesional y responsabilidad personal.<\/p>\n<p>El mandatario plante\u00f3 una idea que incomoda a algunos, pero resulta inevitable: el periodismo, como otros oficios de alta responsabilidad social, implica dar la cara. Informar no es lanzar versiones al vac\u00edo ni escudarse en el anonimato digital para denigrar, descalificar o manipular sin sustento. Informar es asumir la autor\u00eda de lo que se publica y responder por ello ante la sociedad.<\/p>\n<p>En un entorno saturado de datos, rumores y opiniones disfrazadas de noticias, el verdadero reto ya no es solo informar primero, sino hacerlo con veracidad, contexto y \u00e9tica. La sobreabundancia informativa ha generado un fen\u00f3meno perverso: la confusi\u00f3n deliberada. En ese escenario, la firma se convierte en un acto de responsabilidad y, tambi\u00e9n, de credibilidad.<\/p>\n<p>El anonimato, cuando se usa para atacar sin pruebas o para simular periodismo desde la cobard\u00eda digital, no fortalece la libertad de expresi\u00f3n. La erosiona. Da\u00f1a al oficio y, sobre todo, perjudica a quienes s\u00ed investigan, contrastan fuentes y sostienen con su nombre y trayectoria lo que publican. La cr\u00edtica sin rostro evade consecuencias y contamina la conversaci\u00f3n p\u00fablica.<\/p>\n<p>Durante el acto, desde la Coordinaci\u00f3n General de Comunicaci\u00f3n Social se reiter\u00f3 que la relaci\u00f3n del gobierno estatal con la prensa se basa en el respeto al ejercicio libre del periodismo, sin imposiciones editoriales ni condicionamientos. Esa afirmaci\u00f3n, correcta en el discurso, cobra verdadero sentido cuando se entiende que la independencia period\u00edstica tambi\u00e9n implica responsabilidad profesional y \u00e9tica individual.<\/p>\n<p>El homenaje a las y los periodistas fallecidos en 2025 record\u00f3 una verdad que a veces se olvida entre cifras y discursos: el periodismo no es una abstracci\u00f3n. Lo ejercen personas concretas, con nombre, historia y riesgos reales. No perfiles falsos, no cuentas an\u00f3nimas, no avatares sin pasado ni consecuencias.<\/p>\n<p>El mensaje es claro y vigente: la libertad de expresi\u00f3n se fortalece cuando va acompa\u00f1ada de responsabilidad, \u00e9tica y transparencia en la autor\u00eda. En tiempos de ruido informativo y anonimato digital, el valor de la firma sigue siendo uno de los \u00faltimos distintivos del periodismo profesional.<\/p>\n<p>Las palabras pueden conmemorarse un d\u00eda; la responsabilidad se ejerce todos los d\u00edas. Ah\u00ed es donde el periodismo se confirma o se desmorona.<\/p>\n","protected":false},"excerpt":{"rendered":"<p>Por: Mart\u00edn D\u00edaz En el marco del D\u00eda del Periodista, el llamado a la libertad&#8230;<\/p>\n","protected":false},"author":1,"featured_media":194788,"comment_status":"closed","ping_status":"closed","sticky":false,"template":"","format":"standard","meta":{"footnotes":"","jetpack_publicize_message":"","jetpack_publicize_feature_enabled":true,"jetpack_social_post_already_shared":true,"jetpack_social_options":{"image_generator_settings":{"template":"highway","default_image_id":0,"font":"","enabled":false},"version":2}},"categories":[23],"tags":[],"class_list":["post-194787","post","type-post","status-publish","format-standard","has-post-thumbnail","hentry","category-columnas"],"jetpack_publicize_connections":[],"_links":{"self":[{"href":"https:\/\/www.buroperiodistico.com.mx\/index.php?rest_route=\/wp\/v2\/posts\/194787","targetHints":{"allow":["GET"]}}],"collection":[{"href":"https:\/\/www.buroperiodistico.com.mx\/index.php?rest_route=\/wp\/v2\/posts"}],"about":[{"href":"https:\/\/www.buroperiodistico.com.mx\/index.php?rest_route=\/wp\/v2\/types\/post"}],"author":[{"embeddable":true,"href":"https:\/\/www.buroperiodistico.com.mx\/index.php?rest_route=\/wp\/v2\/users\/1"}],"replies":[{"embeddable":true,"href":"https:\/\/www.buroperiodistico.com.mx\/index.php?rest_route=%2Fwp%2Fv2%2Fcomments&post=194787"}],"version-history":[{"count":1,"href":"https:\/\/www.buroperiodistico.com.mx\/index.php?rest_route=\/wp\/v2\/posts\/194787\/revisions"}],"predecessor-version":[{"id":194789,"href":"https:\/\/www.buroperiodistico.com.mx\/index.php?rest_route=\/wp\/v2\/posts\/194787\/revisions\/194789"}],"wp:featuredmedia":[{"embeddable":true,"href":"https:\/\/www.buroperiodistico.com.mx\/index.php?rest_route=\/wp\/v2\/media\/194788"}],"wp:attachment":[{"href":"https:\/\/www.buroperiodistico.com.mx\/index.php?rest_route=%2Fwp%2Fv2%2Fmedia&parent=194787"}],"wp:term":[{"taxonomy":"category","embeddable":true,"href":"https:\/\/www.buroperiodistico.com.mx\/index.php?rest_route=%2Fwp%2Fv2%2Fcategories&post=194787"},{"taxonomy":"post_tag","embeddable":true,"href":"https:\/\/www.buroperiodistico.com.mx\/index.php?rest_route=%2Fwp%2Fv2%2Ftags&post=194787"}],"curies":[{"name":"wp","href":"https:\/\/api.w.org\/{rel}","templated":true}]}}