{"id":194734,"date":"2026-01-07T15:19:55","date_gmt":"2026-01-07T21:19:55","guid":{"rendered":"https:\/\/www.buroperiodistico.com.mx\/?p=194734"},"modified":"2026-01-07T15:19:55","modified_gmt":"2026-01-07T21:19:55","slug":"gobierno-municipal-abrira-a-la-circulacion-el-nuevo-puente-de-la-mex-2-este-viernes-9-de-enero","status":"publish","type":"post","link":"https:\/\/www.buroperiodistico.com.mx\/?p=194734","title":{"rendered":"GOBIERNO MUNICIPAL ABRIR\u00c1 A LA CIRCULACI\u00d3N EL NUEVO PUENTE DE LA MEX 2 ESTE VIERNES 9 DE ENERO"},"content":{"rendered":"<figure id=\"attachment_194735\" aria-describedby=\"caption-attachment-194735\" style=\"width: 517px\" class=\"wp-caption alignright\"><img loading=\"lazy\" decoding=\"async\" class=\" wp-image-194735\" src=\"https:\/\/www.buroperiodistico.com.mx\/wp-content\/uploads\/2026\/01\/MEX.jpg\" alt=\"\" width=\"517\" height=\"330\" srcset=\"https:\/\/www.buroperiodistico.com.mx\/wp-content\/uploads\/2026\/01\/MEX.jpg 1024w, https:\/\/www.buroperiodistico.com.mx\/wp-content\/uploads\/2026\/01\/MEX-300x191.jpg 300w, https:\/\/www.buroperiodistico.com.mx\/wp-content\/uploads\/2026\/01\/MEX-768x490.jpg 768w\" sizes=\"auto, (max-width: 517px) 100vw, 517px\" \/><figcaption id=\"caption-attachment-194735\" class=\"wp-caption-text\">default<\/figcaption><\/figure>\n<p dir=\"ltr\"><em><strong>Nuevo Laredo, Tam (7-Enero-2026).-<\/strong><\/em> A partir de este viernes 9 de enero, y tras la conclusi\u00f3n de las obras del segundo cuerpo de la carretera MEX 2, el Gobierno Municipal abrir\u00e1 a la circulaci\u00f3n los carriles de norte a sur del nuevo puente vehicular, con el objetivo de mejorar la movilidad y seguridad vial en esta importante v\u00eda de comunicaci\u00f3n.<\/p>\n<p dir=\"ltr\">De manera simult\u00e1nea, el antiguo puente vehicular conocido como \u201cLa Princesa\u201d operar\u00e1 \u00fanicamente con un carril habilitado, debido al inicio de los trabajos de recarpeteo por parte del Gobierno Municipal. Una vez concluida la rehabilitaci\u00f3n del primer carril, se proceder\u00e1 al cierre del carril restante, a fin de completar la reparaci\u00f3n integral de ambos sentidos y dejar los cuatro carriles en \u00f3ptimas condiciones.<\/p>\n<p dir=\"ltr\">La presidenta municipal, Carmen Lilia Canturosas Villarreal, inform\u00f3 que esta obra fue realizada con recursos municipales y permitir\u00e1 una mayor seguridad para los operadores, as\u00ed como una mejor movilidad para los flujos de exportaci\u00f3n e importaci\u00f3n entre M\u00e9xico y Estados Unidos.<\/p>\n<p dir=\"ltr\">Se prev\u00e9 que la entrega oficial de la obra se lleve a cabo entre el 20 y el 25 de enero de 2026, por lo que se exhorta a la ciudadan\u00eda a tomar precauciones y respetar la se\u00f1alizaci\u00f3n durante el desarrollo de los trabajos.<\/p>\n","protected":false},"excerpt":{"rendered":"<p>Nuevo Laredo, Tam (7-Enero-2026).- A partir de este viernes 9 de enero, y tras la&#8230;<\/p>\n","protected":false},"author":1,"featured_media":194735,"comment_status":"closed","ping_status":"closed","sticky":false,"template":"","format":"standard","meta":{"footnotes":"","jetpack_publicize_message":"","jetpack_publicize_feature_enabled":true,"jetpack_social_post_already_shared":true,"jetpack_social_options":{"image_generator_settings":{"template":"highway","default_image_id":0,"font":"","enabled":false},"version":2}},"categories":[16],"tags":[],"class_list":["post-194734","post","type-post","status-publish","format-standard","has-post-thumbnail","hentry","category-nuevolaredo"],"jetpack_publicize_connections":[],"_links":{"self":[{"href":"https:\/\/www.buroperiodistico.com.mx\/index.php?rest_route=\/wp\/v2\/posts\/194734","targetHints":{"allow":["GET"]}}],"collection":[{"href":"https:\/\/www.buroperiodistico.com.mx\/index.php?rest_route=\/wp\/v2\/posts"}],"about":[{"href":"https:\/\/www.buroperiodistico.com.mx\/index.php?rest_route=\/wp\/v2\/types\/post"}],"author":[{"embeddable":true,"href":"https:\/\/www.buroperiodistico.com.mx\/index.php?rest_route=\/wp\/v2\/users\/1"}],"replies":[{"embeddable":true,"href":"https:\/\/www.buroperiodistico.com.mx\/index.php?rest_route=%2Fwp%2Fv2%2Fcomments&post=194734"}],"version-history":[{"count":1,"href":"https:\/\/www.buroperiodistico.com.mx\/index.php?rest_route=\/wp\/v2\/posts\/194734\/revisions"}],"predecessor-version":[{"id":194736,"href":"https:\/\/www.buroperiodistico.com.mx\/index.php?rest_route=\/wp\/v2\/posts\/194734\/revisions\/194736"}],"wp:featuredmedia":[{"embeddable":true,"href":"https:\/\/www.buroperiodistico.com.mx\/index.php?rest_route=\/wp\/v2\/media\/194735"}],"wp:attachment":[{"href":"https:\/\/www.buroperiodistico.com.mx\/index.php?rest_route=%2Fwp%2Fv2%2Fmedia&parent=194734"}],"wp:term":[{"taxonomy":"category","embeddable":true,"href":"https:\/\/www.buroperiodistico.com.mx\/index.php?rest_route=%2Fwp%2Fv2%2Fcategories&post=194734"},{"taxonomy":"post_tag","embeddable":true,"href":"https:\/\/www.buroperiodistico.com.mx\/index.php?rest_route=%2Fwp%2Fv2%2Ftags&post=194734"}],"curies":[{"name":"wp","href":"https:\/\/api.w.org\/{rel}","templated":true}]}}