{"id":194680,"date":"2026-01-06T23:02:42","date_gmt":"2026-01-07T05:02:42","guid":{"rendered":"https:\/\/www.buroperiodistico.com.mx\/?p=194680"},"modified":"2026-01-06T23:02:42","modified_gmt":"2026-01-07T05:02:42","slug":"agenda-fronteriza-por-humberto-gutierrez-671","status":"publish","type":"post","link":"https:\/\/www.buroperiodistico.com.mx\/?p=194680","title":{"rendered":"AGENDA FRONTERIZA\/ POR HUMBERTO GUTI\u00c9RREZ"},"content":{"rendered":"<p style=\"text-align: center;\"><em><strong>AVA: CONSTRUCTOR DEL TAMAULIPAS MODERNO Y PRODUCTIVO<\/strong><\/em><\/p>\n<p>* el \u00faltimo adi\u00f3s.<\/p>\n<p>Las noticias de inicio del a\u00f1o con la nueva fiscal\u00eda buscando resultados a la sociedad, emprende acciones el titular EDUARDO GOVEA OROZCO.<\/p>\n<p>Inici\u00f3 sus tareas ejecutivas realizando un diagn\u00f3stico al detalle para conocer la situaci\u00f3n del estado en que recibe la dependencia, principalmente al personal de la dependencia.<\/p>\n<p>Todo el pasado estar\u00e1 sujeta a revisi\u00f3n.<\/p>\n<p>Ojal\u00e1 y no se tarde mucho. La sociedad quiere resultados.<\/p>\n<p>Menci\u00f3n aparte es que el Congreso del Estado de Tamaulipas puso en marcha el proceso de selecci\u00f3n del nuevo Fiscal Anticorrupci\u00f3n, cargo del que era Titular EDUARDO GOVEA.<\/p>\n<p>Se estima que para cuando este por terminar este mes de enero ya se conozca seg\u00fan lo confirm\u00f3 el diputado presidente HUMBERTO PRIETO HERRERA quien ya remonto las preferencias ciudadanas para la pr\u00f3xima contienda municipal.<\/p>\n<p>\u00bfSab\u00eda usted del Corredor Golfo \u2013Norte en Tamaulipas?<\/p>\n<p>Se lo platico. Forma parte del Plan M\u00e9xico propuesto por la Presidenta de M\u00e9xico en Marzo de 2025 en el que se considera a Tamaulipas como pieza importante, baluarte para el desarrollo nacional.<\/p>\n<p>Consiste en la parte carretea en la ampliaci\u00f3n de la carretera Victoria \u2013Zaragoza en primer plano, en seguida en un segundo plan de ampliaci\u00f3n que ir\u00eda de Estaci\u00f3n Manuel.<\/p>\n<p>Contempla el Corredor Golfo Norte ampliar el tramo carretero que va desde la ciudad capital hasta Reynosa, adem\u00e1s de un nuevo libramiento y la construcci\u00f3n del puente Tampico II.<\/p>\n<p>La inversi\u00f3n que est\u00e1 proponiendo el gobernador est\u00e1 por encima de los 40 mil millones de pesos que iniciar\u00e1 el segundo semestre de este a\u00f1o, altamente probable.<\/p>\n<p>EL Dr. AMERICO VILLARREAL con estas acciones es, desde ahora, el gobernador constructor del Tamaulipas moderno que m\u00e1s inversi\u00f3n p\u00fablica ha conseguido para beneficio de las regiones de Tamaulipas.<\/p>\n<p>De los \u00faltimos gobernadores, se conoce que fue EUGENIO HERNANDEZ FLOREZ el que logr\u00f3 gestionar logr\u00f3 gestionar una inversi\u00f3n importante con Felipe Calder\u00f3n como presidente.<\/p>\n<p>Con Egidio Torre y Francisco N, mejor ni hablar.<\/p>\n<p>El Dr. AMERICO tiene para 2026, en la zona norte la inauguraci\u00f3n del Edifico aduanero donde se instalar\u00e1 la Agencia Nacional de Aduanas, un tren de pasajeros, y la ampliaci\u00f3n del sistema aduanero en Nuevo Laredo, eso despu\u00e9s de haber ampliado la carretera.<\/p>\n<p>AMERICO y CARMEN LILIA dejar\u00e1n un legado en infraestructura productiva, el m\u00e1s grande en la historia de Nuevo Laredo.<\/p>\n<p>En el Puerto de Matamoros se lleva actualmente una inversi\u00f3n sin precedentes por la federaci\u00f3n y el estado.<\/p>\n<p>El alcalde de Matamoros, ALBERTO GRANADOS no levanta en el \u00e1nimo ciudadano.<\/p>\n<p>En el desarrollo de Tamaulipas el gobernador, con mucha visi\u00f3n del futuro tiene como aliados a los empresarios, a las c\u00e1maras empresariales, a los colegios de profesionales y a las escuelas de educaci\u00f3n profesional tecnol\u00f3gicos y universidades p\u00fablicas y privadas.<\/p>\n<p>La UAT ha consolidado logros hist\u00f3ricos, ha puesto en alto el nombre del estado de Tamaulipas en el concierto nacional al obtener el reconocimiento con el logro obtenido la acreditaci\u00f3n del cien por ciento de los programas de licenciatura, colocando a la UAT entre las dos \u00fanicas universidades del pa\u00eds en alcanzar este indicador.<\/p>\n<p>Es un aliado del gobierno estatal que, con entusiasmo, creatividad y dedicaci\u00f3n construye su camino, estando en todos los rincones del estado. Donde haya internet all\u00ed se encuentra la UAT.<\/p>\n<p>Entre otras metas hist\u00f3ricas conseguidas en 2025, mencion\u00f3 la obtenci\u00f3n de cerca de 30 medallas en los Campeonatos Deportivos Nacionales ANUIES 2025, estableciendo el liderazgo de la UAT en disciplinas como el judo, taekwondo, nataci\u00f3n y esgrima.<\/p>\n<p>Anunci\u00f3 que, dentro de los proyectos para el a\u00f1o 2026, se crear\u00e1 el Instituto de Inteligencia Artificial, el cual fortalecer\u00e1 la investigaci\u00f3n, el desarrollo tecnol\u00f3gico y el uso acad\u00e9mico de estas herramientas.<\/p>\n<p>Para la ciudad capital, el gobernador aumenta la velocidad con destino a que tengan sus vecinos mejores condiciones de trabajo y de calidad de vida. el Puerto Seco y la segunda l\u00ednea del acueducto tendr\u00e1n vida este 2026.<\/p>\n<p>Mientras que el alcalde LALO GATTAS dedica el mayor presupuesto a los trabajos de rehabilitaci\u00f3n y construcci\u00f3n de las vialidades de la ciudad capital.<\/p>\n<p>El alcalde de Reynosa, CARLOS PE\u00d1A, da un paso trascendental al impulsar el desarrollo del deporte del municipio mediante la modernizaci\u00f3n y construcci\u00f3n de espacios deportivos como una estrategia para reconstruir el tejido social con un prop\u00f3sito de aportar \u00e1reas dignas, seguras y funcionales para la pr\u00e1ctica de las diversas disciplinas. Sigue avanzando el remozamiento del polideportivo Reynosa.<\/p>\n<p>D\u00e9jeme le narro Un hecho familiar:<\/p>\n<p>Mi madre muri\u00f3 a los 97 a\u00f1os en la ciudad de Mcallen, le falt\u00f3 cuatro meses para llegar a los 98.<\/p>\n<p>No estaba enferma. Le lleg\u00f3 la hora en que coraz\u00f3n parara, justo unas horas antes de que el 2025 finalizar\u00e1. El 31 de diciembre.<\/p>\n<p>Es el segundo deceso en mi familia. MI padre hace 40 a\u00f1os y mi Madre que esta reciente.<\/p>\n<p>Muri\u00f3, pero me desped\u00ed de ella y me dio su Bendici\u00f3n unas horas antes.<\/p>\n<p>D\u00e9bil balbuce\u00f3, d\u00e9bil me tomo en sus manos antes de cerrar los ojos.<\/p>\n<p>El mi\u00e9rcoles 7 la ver\u00e9 por \u00faltima vez, antes de celebrar la Misa del Adi\u00f3s, del hasta luego, del hasta pronto. Cuando Dios lo disponga.<\/p>\n<p>Me siento satisfecho con el deber cumplido.<\/p>\n<p>Antes de morir Pap\u00e1, me orden\u00f3 que cuidara a Mar\u00eda, su esposa.<\/p>\n<p>Mi hermana Lupita es la que estuvo todo el tiempo, no le resto m\u00e9ritos, yo tan solo la cuid\u00e9 siguiendo la orden de Pap\u00e1, que nada les faltar\u00e1.<\/p>\n<p>Hasta el \u00faltimo d\u00eda. Igual que a mi papa.<\/p>\n<p>Por eso, me siento Bendecido.<\/p>\n<p>Agradecido con mis amistades, mis amigos, mis familiares que estuvieron preguntando antes y despu\u00e9s por su salud. Infinitas gracias, \u00a1no se imaginan el consuelo que me dieron \u00a1\u00a1.<\/p>\n<p>A todas esas personan mi agradecimiento eterno.<\/p>\n<p>La Misa es de car\u00e1cter privado. Estuvo siempre mi mam\u00e1 y mi hermana asistida espiritualmente por el Padre Marcos ( marquitos ) de la ciudad de Mcallen, por cinco a\u00f1os. hoy oficiar\u00e1 el \u00faltimo adi\u00f3s.<\/p>\n<p>AGENDA FRONTERIZA es una colaboraci\u00f3n de temas relacionados con el desarrollo econ\u00f3mico del estado de Tamaulipas y sus municipios. Se distribuye a trav\u00e9s de la Agencia Informaci\u00f3n y An\u00e1lisis Estad\u00edstico.<\/p>\n<p>MI CORREO : humbertografico@yahoo.com.mx<\/p>\n","protected":false},"excerpt":{"rendered":"<p>AVA: CONSTRUCTOR DEL TAMAULIPAS MODERNO Y PRODUCTIVO * el \u00faltimo adi\u00f3s. Las noticias de inicio&#8230;<\/p>\n","protected":false},"author":1,"featured_media":149410,"comment_status":"closed","ping_status":"closed","sticky":false,"template":"","format":"standard","meta":{"footnotes":"","jetpack_publicize_message":"","jetpack_publicize_feature_enabled":true,"jetpack_social_post_already_shared":true,"jetpack_social_options":{"image_generator_settings":{"template":"highway","default_image_id":0,"font":"","enabled":false},"version":2}},"categories":[23],"tags":[],"class_list":["post-194680","post","type-post","status-publish","format-standard","has-post-thumbnail","hentry","category-columnas"],"jetpack_publicize_connections":[],"_links":{"self":[{"href":"https:\/\/www.buroperiodistico.com.mx\/index.php?rest_route=\/wp\/v2\/posts\/194680","targetHints":{"allow":["GET"]}}],"collection":[{"href":"https:\/\/www.buroperiodistico.com.mx\/index.php?rest_route=\/wp\/v2\/posts"}],"about":[{"href":"https:\/\/www.buroperiodistico.com.mx\/index.php?rest_route=\/wp\/v2\/types\/post"}],"author":[{"embeddable":true,"href":"https:\/\/www.buroperiodistico.com.mx\/index.php?rest_route=\/wp\/v2\/users\/1"}],"replies":[{"embeddable":true,"href":"https:\/\/www.buroperiodistico.com.mx\/index.php?rest_route=%2Fwp%2Fv2%2Fcomments&post=194680"}],"version-history":[{"count":1,"href":"https:\/\/www.buroperiodistico.com.mx\/index.php?rest_route=\/wp\/v2\/posts\/194680\/revisions"}],"predecessor-version":[{"id":194681,"href":"https:\/\/www.buroperiodistico.com.mx\/index.php?rest_route=\/wp\/v2\/posts\/194680\/revisions\/194681"}],"wp:featuredmedia":[{"embeddable":true,"href":"https:\/\/www.buroperiodistico.com.mx\/index.php?rest_route=\/wp\/v2\/media\/149410"}],"wp:attachment":[{"href":"https:\/\/www.buroperiodistico.com.mx\/index.php?rest_route=%2Fwp%2Fv2%2Fmedia&parent=194680"}],"wp:term":[{"taxonomy":"category","embeddable":true,"href":"https:\/\/www.buroperiodistico.com.mx\/index.php?rest_route=%2Fwp%2Fv2%2Fcategories&post=194680"},{"taxonomy":"post_tag","embeddable":true,"href":"https:\/\/www.buroperiodistico.com.mx\/index.php?rest_route=%2Fwp%2Fv2%2Ftags&post=194680"}],"curies":[{"name":"wp","href":"https:\/\/api.w.org\/{rel}","templated":true}]}}