{"id":194675,"date":"2026-01-06T20:14:20","date_gmt":"2026-01-07T02:14:20","guid":{"rendered":"https:\/\/www.buroperiodistico.com.mx\/?p=194675"},"modified":"2026-01-06T20:14:20","modified_gmt":"2026-01-07T02:14:20","slug":"injuve-presenta-plan-de-trabajo-para-impulsar-desarrollo-de-las-juventudes-tamaulipecas-en-2026","status":"publish","type":"post","link":"https:\/\/www.buroperiodistico.com.mx\/?p=194675","title":{"rendered":"INJUVE presenta plan de trabajo para impulsar desarrollo de las juventudes tamaulipecas en 2026"},"content":{"rendered":"<p><em><strong><img loading=\"lazy\" decoding=\"async\" class=\" wp-image-194676 alignright\" src=\"https:\/\/www.buroperiodistico.com.mx\/wp-content\/uploads\/2026\/01\/IJUtamaulipecas.jpeg\" alt=\"\" width=\"470\" height=\"273\" srcset=\"https:\/\/www.buroperiodistico.com.mx\/wp-content\/uploads\/2026\/01\/IJUtamaulipecas.jpeg 1024w, https:\/\/www.buroperiodistico.com.mx\/wp-content\/uploads\/2026\/01\/IJUtamaulipecas-300x174.jpeg 300w, https:\/\/www.buroperiodistico.com.mx\/wp-content\/uploads\/2026\/01\/IJUtamaulipecas-768x446.jpeg 768w\" sizes=\"auto, (max-width: 470px) 100vw, 470px\" \/>Ciudad Victoria, Tamaulipas (6-Enero-2026).-<\/strong><\/em> Con el objetivo de impulsar el desarrollo de las juventudes en la entidad, el titular del Instituto de la Juventud de Tamaulipas (INJUVE), Oscar Azael Rodr\u00edguez Perales, comparti\u00f3 el plan de trabajo para atender a este grupo poblacional, el cual servir\u00e1 como base para todos los proyectos y programas que se promover\u00e1n desde el Instituto.<\/p>\n<p>El funcionario estatal, inform\u00f3 ante los medios de comunicaci\u00f3n que el programa presupuestario aprobado recientemente, permitir\u00e1 trabajar sobre una agenda de trabajo enfocada a la transformaci\u00f3n juvenil, que contempla proyectos como el Premio Estatal de la Juventud y Joven Fest 2026, as\u00ed como una tarjeta de beneficios para las y los j\u00f3venes.<\/p>\n<p>En ese mismo sentido expres\u00f3 que, el \u201cPrograma de Transformaci\u00f3n Juvenil\u201d comprende proyectos y actividades de \u00e1mbito territorial dentro de las jornadas por la paz y contra las adicciones, en donde las personas j\u00f3venes cumplen con un objetivo primordial como mensajeros de paz.<\/p>\n<p>\u201cEntre las actividades planeadas durante este periodo anual, se contempla la participaci\u00f3n en el Encuentro Nacional de Autoridades J\u00f3venes en la CDMX, realizar un festival masivo por el D\u00eda del Estudiante, una cabalgata juvenil, pinta de murales con tem\u00e1tica del mundial 2026, entre otras m\u00e1s\u201d, dijo.<\/p>\n<p>Y agreg\u00f3, \u201cde igual forma, se continuar\u00e1 con la promoci\u00f3n el empleo joven con la bolsa de trabajo en colaboraci\u00f3n con Santander, actividades de voluntariado juvenil, y acciones interinstitucionales de bienestar social; destacando las jornadas de construcci\u00f3n de viviendas emergentes en apoyo a la fundaci\u00f3n TECHO, la campa\u00f1a Ciclo M con tem\u00e1tica sobre la menstruaci\u00f3n digna libre de estigma, y Pi\u00e9nsalo Dos Veces; conferencias de concientizaci\u00f3n para j\u00f3venes abordando temas como embarazo adolescente, adicciones, salud mental, uso de redes sociales y protecci\u00f3n de datos\u201d.<\/p>\n<p>Por \u00faltimo, Rodr\u00edguez Perales destac\u00f3 el objetivo de seguir instrumentando pol\u00edticas p\u00fablicas y fortalecer acciones en favor de la poblaci\u00f3n joven como lo ha instruido nuestro gobernador, el doctor Am\u00e9rico Villarreal Anaya, mediante el trabajo coordinado con la Secretar\u00eda del Trabajo y Previsi\u00f3n Social (STyPS), a cargo deLuis Gerardo Illoldi Reyes.<\/p>\n","protected":false},"excerpt":{"rendered":"<p>Ciudad Victoria, Tamaulipas (6-Enero-2026).- Con el objetivo de impulsar el desarrollo de las juventudes en&#8230;<\/p>\n","protected":false},"author":1,"featured_media":194676,"comment_status":"closed","ping_status":"closed","sticky":false,"template":"","format":"standard","meta":{"footnotes":"","jetpack_publicize_message":"","jetpack_publicize_feature_enabled":true,"jetpack_social_post_already_shared":true,"jetpack_social_options":{"image_generator_settings":{"template":"highway","default_image_id":0,"font":"","enabled":false},"version":2}},"categories":[10],"tags":[],"class_list":["post-194675","post","type-post","status-publish","format-standard","has-post-thumbnail","hentry","category-tamaulipas"],"jetpack_publicize_connections":[],"_links":{"self":[{"href":"https:\/\/www.buroperiodistico.com.mx\/index.php?rest_route=\/wp\/v2\/posts\/194675","targetHints":{"allow":["GET"]}}],"collection":[{"href":"https:\/\/www.buroperiodistico.com.mx\/index.php?rest_route=\/wp\/v2\/posts"}],"about":[{"href":"https:\/\/www.buroperiodistico.com.mx\/index.php?rest_route=\/wp\/v2\/types\/post"}],"author":[{"embeddable":true,"href":"https:\/\/www.buroperiodistico.com.mx\/index.php?rest_route=\/wp\/v2\/users\/1"}],"replies":[{"embeddable":true,"href":"https:\/\/www.buroperiodistico.com.mx\/index.php?rest_route=%2Fwp%2Fv2%2Fcomments&post=194675"}],"version-history":[{"count":1,"href":"https:\/\/www.buroperiodistico.com.mx\/index.php?rest_route=\/wp\/v2\/posts\/194675\/revisions"}],"predecessor-version":[{"id":194677,"href":"https:\/\/www.buroperiodistico.com.mx\/index.php?rest_route=\/wp\/v2\/posts\/194675\/revisions\/194677"}],"wp:featuredmedia":[{"embeddable":true,"href":"https:\/\/www.buroperiodistico.com.mx\/index.php?rest_route=\/wp\/v2\/media\/194676"}],"wp:attachment":[{"href":"https:\/\/www.buroperiodistico.com.mx\/index.php?rest_route=%2Fwp%2Fv2%2Fmedia&parent=194675"}],"wp:term":[{"taxonomy":"category","embeddable":true,"href":"https:\/\/www.buroperiodistico.com.mx\/index.php?rest_route=%2Fwp%2Fv2%2Fcategories&post=194675"},{"taxonomy":"post_tag","embeddable":true,"href":"https:\/\/www.buroperiodistico.com.mx\/index.php?rest_route=%2Fwp%2Fv2%2Ftags&post=194675"}],"curies":[{"name":"wp","href":"https:\/\/api.w.org\/{rel}","templated":true}]}}