{"id":194672,"date":"2026-01-06T20:06:51","date_gmt":"2026-01-07T02:06:51","guid":{"rendered":"https:\/\/www.buroperiodistico.com.mx\/?p=194672"},"modified":"2026-01-06T20:06:51","modified_gmt":"2026-01-07T02:06:51","slug":"fortalece-agencia-nacional-de-aduanas-de-mexico-vinculacion-profesional-con-estudiantes-de-la-ut-nuevo-laredo","status":"publish","type":"post","link":"https:\/\/www.buroperiodistico.com.mx\/?p=194672","title":{"rendered":"Fortalece Agencia Nacional de Aduanas de M\u00e9xico vinculaci\u00f3n profesional con estudiantes de la UT Nuevo Laredo"},"content":{"rendered":"<p><em><strong><img loading=\"lazy\" decoding=\"async\" class=\" wp-image-194673 alignright\" src=\"https:\/\/www.buroperiodistico.com.mx\/wp-content\/uploads\/2026\/01\/UTNLaredo.jpeg\" alt=\"\" width=\"493\" height=\"306\" srcset=\"https:\/\/www.buroperiodistico.com.mx\/wp-content\/uploads\/2026\/01\/UTNLaredo.jpeg 1024w, https:\/\/www.buroperiodistico.com.mx\/wp-content\/uploads\/2026\/01\/UTNLaredo-300x186.jpeg 300w, https:\/\/www.buroperiodistico.com.mx\/wp-content\/uploads\/2026\/01\/UTNLaredo-768x477.jpeg 768w\" sizes=\"auto, (max-width: 493px) 100vw, 493px\" \/>Nuevo Laredo, Tamaulipas (6-Enero-2026).-<\/strong><\/em> La Agencia Nacional de Aduanas de M\u00e9xico (ANAM), a trav\u00e9s de sus directivos, reiter\u00f3 su colaboraci\u00f3n con la Universidad Tecnol\u00f3gica de Nuevo Laredo (UTNL), mediante un convenio de trabajo firmado entre ambas instituciones recientemente.<\/p>\n<p>Jos\u00e9 Antonio Tovar Lara, rector de la universidad, inform\u00f3 que previo al per\u00edodo vacacional decembrino, Jos\u00e9 S\u00e1nchez P\u00e9rez, director general de Planeaci\u00f3n Aduanera de la ANAM; Miguel de Jes\u00fas Dorantes Cort\u00e9s, director de Modelos de Riesgos, y el teniente coronel Erik Omar Salinas Flores, titular de la Aduana de Nuevo Laredo, visitaron la instituci\u00f3n para sostener una reuni\u00f3n y definir puntos importantes en beneficio de las y los egresados de la instituci\u00f3n.<\/p>\n<p>Indic\u00f3 que en la reuni\u00f3n comunic\u00f3 a los directivos que la UTNL cuenta con m\u00e1s de 400 curr\u00edculos de egresados para ser considerados en diversas responsabilidades dentro de la agencia, esto una vez que entre en operaciones en el presente a\u00f1o.<\/p>\n<p>Expres\u00f3 que los directivos de la agencia efectuaron un recorrido por las instalaciones del plantel, dando fe del aprendizaje que recibe el estudiantado, adem\u00e1s de presenciar la competencia del Desaf\u00edo Aduanero entre estudiantes, cuyos ganadores competir\u00e1n en el Desaf\u00edo Aduanero Interuniversidades.<\/p>\n<p>Destac\u00f3 que, debido a la capacidad de su estudiantado, la agencia aduanera est\u00e1 muy interesada por contar entre sus filas con personas egresadas de la instituci\u00f3n, as\u00ed como recibir en sus instalaciones a estudiantes para cursar sus estad\u00edas profesionales.<\/p>\n<p>Tovar Lara subray\u00f3 que esto es posible, gracias al respaldo de la universidad recibe del Gobierno del Estado, bajo el liderazgo del gobernador Am\u00e9rico Villarreal Anaya, a trav\u00e9s de la Secretar\u00eda de Educaci\u00f3n de Tamaulipas, que dirige Miguel \u00c1ngel Valdez Garc\u00eda, al impulsar una educaci\u00f3n superior de calidad, con especializaci\u00f3n y vinculaci\u00f3n en los sectores econ\u00f3micos que la entidad requiere.<\/p>\n","protected":false},"excerpt":{"rendered":"<p>Nuevo Laredo, Tamaulipas (6-Enero-2026).- La Agencia Nacional de Aduanas de M\u00e9xico (ANAM), a trav\u00e9s de&#8230;<\/p>\n","protected":false},"author":1,"featured_media":194673,"comment_status":"closed","ping_status":"closed","sticky":false,"template":"","format":"standard","meta":{"footnotes":"","jetpack_publicize_message":"","jetpack_publicize_feature_enabled":true,"jetpack_social_post_already_shared":true,"jetpack_social_options":{"image_generator_settings":{"template":"highway","default_image_id":0,"font":"","enabled":false},"version":2}},"categories":[10],"tags":[],"class_list":["post-194672","post","type-post","status-publish","format-standard","has-post-thumbnail","hentry","category-tamaulipas"],"jetpack_publicize_connections":[],"_links":{"self":[{"href":"https:\/\/www.buroperiodistico.com.mx\/index.php?rest_route=\/wp\/v2\/posts\/194672","targetHints":{"allow":["GET"]}}],"collection":[{"href":"https:\/\/www.buroperiodistico.com.mx\/index.php?rest_route=\/wp\/v2\/posts"}],"about":[{"href":"https:\/\/www.buroperiodistico.com.mx\/index.php?rest_route=\/wp\/v2\/types\/post"}],"author":[{"embeddable":true,"href":"https:\/\/www.buroperiodistico.com.mx\/index.php?rest_route=\/wp\/v2\/users\/1"}],"replies":[{"embeddable":true,"href":"https:\/\/www.buroperiodistico.com.mx\/index.php?rest_route=%2Fwp%2Fv2%2Fcomments&post=194672"}],"version-history":[{"count":1,"href":"https:\/\/www.buroperiodistico.com.mx\/index.php?rest_route=\/wp\/v2\/posts\/194672\/revisions"}],"predecessor-version":[{"id":194674,"href":"https:\/\/www.buroperiodistico.com.mx\/index.php?rest_route=\/wp\/v2\/posts\/194672\/revisions\/194674"}],"wp:featuredmedia":[{"embeddable":true,"href":"https:\/\/www.buroperiodistico.com.mx\/index.php?rest_route=\/wp\/v2\/media\/194673"}],"wp:attachment":[{"href":"https:\/\/www.buroperiodistico.com.mx\/index.php?rest_route=%2Fwp%2Fv2%2Fmedia&parent=194672"}],"wp:term":[{"taxonomy":"category","embeddable":true,"href":"https:\/\/www.buroperiodistico.com.mx\/index.php?rest_route=%2Fwp%2Fv2%2Fcategories&post=194672"},{"taxonomy":"post_tag","embeddable":true,"href":"https:\/\/www.buroperiodistico.com.mx\/index.php?rest_route=%2Fwp%2Fv2%2Ftags&post=194672"}],"curies":[{"name":"wp","href":"https:\/\/api.w.org\/{rel}","templated":true}]}}