{"id":194664,"date":"2026-01-06T20:03:11","date_gmt":"2026-01-07T02:03:11","guid":{"rendered":"https:\/\/www.buroperiodistico.com.mx\/?p=194664"},"modified":"2026-01-06T20:03:11","modified_gmt":"2026-01-07T02:03:11","slug":"celebran-dia-de-reyes-con-mega-rosca-de-20-metros-en-el-cedes-victoria","status":"publish","type":"post","link":"https:\/\/www.buroperiodistico.com.mx\/?p=194664","title":{"rendered":"Celebran D\u00eda de Reyes con mega rosca de 20 metros en el CEDES Victoria"},"content":{"rendered":"<ul>\n<li><strong><em>Festejo fortalece los lazos familiares en la reconstrucci\u00f3n del tejido social<\/em><\/strong><\/li>\n<\/ul>\n<p><strong><img loading=\"lazy\" decoding=\"async\" class=\" wp-image-194670 alignright\" src=\"https:\/\/www.buroperiodistico.com.mx\/wp-content\/uploads\/2026\/01\/SSPCEDES.jpeg\" alt=\"\" width=\"464\" height=\"284\" srcset=\"https:\/\/www.buroperiodistico.com.mx\/wp-content\/uploads\/2026\/01\/SSPCEDES.jpeg 1024w, https:\/\/www.buroperiodistico.com.mx\/wp-content\/uploads\/2026\/01\/SSPCEDES-300x184.jpeg 300w, https:\/\/www.buroperiodistico.com.mx\/wp-content\/uploads\/2026\/01\/SSPCEDES-768x470.jpeg 768w\" sizes=\"auto, (max-width: 464px) 100vw, 464px\" \/>Ciudad Victoria, Tamaulipas (6-Enero-2026).-<\/strong> Siguiendo la tradici\u00f3n anual en el Centro de Ejecuci\u00f3n de Sanciones (CEDES) de Ciudad Victoria, personas privadas de la libertad (PPLs) y sus familias compartieron una mega Rosca de Reyes, elaborada por la poblaci\u00f3n penitenciaria laboralmente activa en el \u00e1rea de panader\u00eda.<\/p>\n<p>Este pan tradicional preparado de manera artesanal cont\u00f3 con una longitud de 20 metros y est\u00e1 compuesta por un aproximado de 40 barras de rosca horneadas de manera individual en la panader\u00eda del centro.<\/p>\n<p>Como parte de la celebraci\u00f3n del D\u00eda de Reyes, la poblaci\u00f3n en proceso de reinserci\u00f3n social y sus familias partieron la rosca y bebieron champurrado.<\/p>\n<p>Asimismo, la ni\u00f1ez que reside con sus progenitoras en el CEDES Victoria recibieron juguetes como regalos, de acuerdo a la tradici\u00f3n mexicana.<\/p>\n<p>Esta actividad se realiz\u00f3 de manera conjunta a la venta de Roscas de Reyes elaboradas por PPLs.<\/p>\n<p>El fortalecimiento de los lazos familiares es un aspecto fundamental en la reconstrucci\u00f3n del tejido social y proceso de reinserci\u00f3n social en la poblaci\u00f3n penitenciaria de la entidad.<\/p>\n<p><img loading=\"lazy\" decoding=\"async\" class=\"aligncenter size-full wp-image-194665\" src=\"https:\/\/www.buroperiodistico.com.mx\/wp-content\/uploads\/2026\/01\/SSPCEDES-I.jpeg\" alt=\"\" width=\"640\" height=\"426\" srcset=\"https:\/\/www.buroperiodistico.com.mx\/wp-content\/uploads\/2026\/01\/SSPCEDES-I.jpeg 640w, https:\/\/www.buroperiodistico.com.mx\/wp-content\/uploads\/2026\/01\/SSPCEDES-I-300x200.jpeg 300w\" sizes=\"auto, (max-width: 640px) 100vw, 640px\" \/> <img loading=\"lazy\" decoding=\"async\" class=\"aligncenter size-full wp-image-194669\" src=\"https:\/\/www.buroperiodistico.com.mx\/wp-content\/uploads\/2026\/01\/SSPCEDES-IIIII.jpeg\" alt=\"\" width=\"640\" height=\"426\" srcset=\"https:\/\/www.buroperiodistico.com.mx\/wp-content\/uploads\/2026\/01\/SSPCEDES-IIIII.jpeg 640w, https:\/\/www.buroperiodistico.com.mx\/wp-content\/uploads\/2026\/01\/SSPCEDES-IIIII-300x200.jpeg 300w\" sizes=\"auto, (max-width: 640px) 100vw, 640px\" \/> <img loading=\"lazy\" decoding=\"async\" class=\"aligncenter size-full wp-image-194668\" src=\"https:\/\/www.buroperiodistico.com.mx\/wp-content\/uploads\/2026\/01\/SSPCEDES-IIII.jpeg\" alt=\"\" width=\"640\" height=\"426\" srcset=\"https:\/\/www.buroperiodistico.com.mx\/wp-content\/uploads\/2026\/01\/SSPCEDES-IIII.jpeg 640w, https:\/\/www.buroperiodistico.com.mx\/wp-content\/uploads\/2026\/01\/SSPCEDES-IIII-300x200.jpeg 300w\" sizes=\"auto, (max-width: 640px) 100vw, 640px\" \/> <img loading=\"lazy\" decoding=\"async\" class=\"aligncenter size-full wp-image-194667\" src=\"https:\/\/www.buroperiodistico.com.mx\/wp-content\/uploads\/2026\/01\/SSPCEDES-III.jpeg\" alt=\"\" width=\"640\" height=\"426\" srcset=\"https:\/\/www.buroperiodistico.com.mx\/wp-content\/uploads\/2026\/01\/SSPCEDES-III.jpeg 640w, https:\/\/www.buroperiodistico.com.mx\/wp-content\/uploads\/2026\/01\/SSPCEDES-III-300x200.jpeg 300w\" sizes=\"auto, (max-width: 640px) 100vw, 640px\" \/> <img loading=\"lazy\" decoding=\"async\" class=\"aligncenter size-full wp-image-194666\" src=\"https:\/\/www.buroperiodistico.com.mx\/wp-content\/uploads\/2026\/01\/SSPCEDES-II.jpeg\" alt=\"\" width=\"640\" height=\"426\" srcset=\"https:\/\/www.buroperiodistico.com.mx\/wp-content\/uploads\/2026\/01\/SSPCEDES-II.jpeg 640w, https:\/\/www.buroperiodistico.com.mx\/wp-content\/uploads\/2026\/01\/SSPCEDES-II-300x200.jpeg 300w\" sizes=\"auto, (max-width: 640px) 100vw, 640px\" \/><\/p>\n","protected":false},"excerpt":{"rendered":"<p>Festejo fortalece los lazos familiares en la reconstrucci\u00f3n del tejido social Ciudad Victoria, Tamaulipas (6-Enero-2026).-&#8230;<\/p>\n","protected":false},"author":1,"featured_media":194670,"comment_status":"closed","ping_status":"closed","sticky":false,"template":"","format":"standard","meta":{"footnotes":"","jetpack_publicize_message":"","jetpack_publicize_feature_enabled":true,"jetpack_social_post_already_shared":true,"jetpack_social_options":{"image_generator_settings":{"template":"highway","default_image_id":0,"font":"","enabled":false},"version":2}},"categories":[10],"tags":[],"class_list":["post-194664","post","type-post","status-publish","format-standard","has-post-thumbnail","hentry","category-tamaulipas"],"jetpack_publicize_connections":[],"_links":{"self":[{"href":"https:\/\/www.buroperiodistico.com.mx\/index.php?rest_route=\/wp\/v2\/posts\/194664","targetHints":{"allow":["GET"]}}],"collection":[{"href":"https:\/\/www.buroperiodistico.com.mx\/index.php?rest_route=\/wp\/v2\/posts"}],"about":[{"href":"https:\/\/www.buroperiodistico.com.mx\/index.php?rest_route=\/wp\/v2\/types\/post"}],"author":[{"embeddable":true,"href":"https:\/\/www.buroperiodistico.com.mx\/index.php?rest_route=\/wp\/v2\/users\/1"}],"replies":[{"embeddable":true,"href":"https:\/\/www.buroperiodistico.com.mx\/index.php?rest_route=%2Fwp%2Fv2%2Fcomments&post=194664"}],"version-history":[{"count":1,"href":"https:\/\/www.buroperiodistico.com.mx\/index.php?rest_route=\/wp\/v2\/posts\/194664\/revisions"}],"predecessor-version":[{"id":194671,"href":"https:\/\/www.buroperiodistico.com.mx\/index.php?rest_route=\/wp\/v2\/posts\/194664\/revisions\/194671"}],"wp:featuredmedia":[{"embeddable":true,"href":"https:\/\/www.buroperiodistico.com.mx\/index.php?rest_route=\/wp\/v2\/media\/194670"}],"wp:attachment":[{"href":"https:\/\/www.buroperiodistico.com.mx\/index.php?rest_route=%2Fwp%2Fv2%2Fmedia&parent=194664"}],"wp:term":[{"taxonomy":"category","embeddable":true,"href":"https:\/\/www.buroperiodistico.com.mx\/index.php?rest_route=%2Fwp%2Fv2%2Fcategories&post=194664"},{"taxonomy":"post_tag","embeddable":true,"href":"https:\/\/www.buroperiodistico.com.mx\/index.php?rest_route=%2Fwp%2Fv2%2Ftags&post=194664"}],"curies":[{"name":"wp","href":"https:\/\/api.w.org\/{rel}","templated":true}]}}