{"id":194643,"date":"2026-01-06T18:01:19","date_gmt":"2026-01-07T00:01:19","guid":{"rendered":"https:\/\/www.buroperiodistico.com.mx\/?p=194643"},"modified":"2026-01-06T18:01:19","modified_gmt":"2026-01-07T00:01:19","slug":"festival-de-reyes-magos-2026-llena-de-sonrisas-y-magia-el-polyforum-la-fe-con-mas-de-7-mil-asistentes","status":"publish","type":"post","link":"https:\/\/www.buroperiodistico.com.mx\/?p=194643","title":{"rendered":"FESTIVAL DE REYES MAGOS 2026 LLENA DE SONRISAS Y MAGIA EL POLYFORUM LA FE CON M\u00c1S DE 7 MIL ASISTENTES"},"content":{"rendered":"<p dir=\"ltr\"><strong><em><img loading=\"lazy\" decoding=\"async\" class=\" wp-image-194647 alignright\" src=\"https:\/\/www.buroperiodistico.com.mx\/wp-content\/uploads\/2026\/01\/CLCR-FESTIVAL-REYES.jpeg\" alt=\"\" width=\"498\" height=\"303\" srcset=\"https:\/\/www.buroperiodistico.com.mx\/wp-content\/uploads\/2026\/01\/CLCR-FESTIVAL-REYES.jpeg 1024w, https:\/\/www.buroperiodistico.com.mx\/wp-content\/uploads\/2026\/01\/CLCR-FESTIVAL-REYES-300x183.jpeg 300w, https:\/\/www.buroperiodistico.com.mx\/wp-content\/uploads\/2026\/01\/CLCR-FESTIVAL-REYES-768x467.jpeg 768w\" sizes=\"auto, (max-width: 498px) 100vw, 498px\" \/>Nuevo Laredo, Tam (6-Enero-2026).-<\/em><\/strong>\u00a0El Polyforum La Fe se llen\u00f3 de alegr\u00eda, ilusi\u00f3n y sonrisas con la celebraci\u00f3n del Festival de Reyes Magos 2026, que reuni\u00f3 a m\u00e1s de 7 mil personas en una gran fiesta organizada por el Sistema DIF Nuevo Laredo y el Gobierno Municipal, reafirmando el compromiso de\u00a0 brindar momentos inolvidables a las familias neolaredenses.<\/p>\n<p dir=\"ltr\">Desde muy temprano, ni\u00f1as y ni\u00f1os, acompa\u00f1ados de sus padres, comenzaron a llegar al recinto para disfrutar de un programa especialmente dise\u00f1ado para celebrar esta hermosa tradici\u00f3n, en un ambiente de sana convivencia, diversi\u00f3n y mucha magia.<\/p>\n<p dir=\"ltr\">El festival fue encabezado por la alcaldesa Carmen Lilia Canturosas Villarreal y la presidenta del Sistema DIF Nuevo Laredo, Claudette Canturosas Villarreal, quienes refrendaron su compromiso de seguir impulsando acciones que fortalezcan la uni\u00f3n familiar y llenen de felicidad los corazones de la ni\u00f1ez de Nuevo Laredo.<\/p>\n<p dir=\"ltr\">\u201cEste festival es para ustedes, porque creemos en sus sue\u00f1os, en su alegr\u00eda y en todo lo que pueden llegar a ser. Queremos que cada ni\u00f1a y cada ni\u00f1o de Nuevo Laredo crezca feliz, con oportunidades y rodeado de amor. Vamos a seguir trabajando todos los d\u00edas para cuidarlos, apoyarlos y darles un mejor futuro\u201d, expres\u00f3 la alcaldesa.<\/p>\n<p dir=\"ltr\">Durante el evento, las familias disfrutaron de espectaculares shows infantiles en vivo, entre ellos presentaciones tributo a Guerreras K-Pop, Beto y sus Amigos, Lilo y Stitch, Intensamente, Tralalero Tralala, el show de Peter el Mago, adem\u00e1s de un divertido y colorido show de payasos que hizo re\u00edr a chicos y grandes.<\/p>\n<p dir=\"ltr\">Uno de los momentos m\u00e1s esperados fue la rifa de regalos, donde se entregaron bicicletas, scooters, patines y triciclos, provocando aplausos, emoci\u00f3n y grandes sonrisas entre las ni\u00f1as y ni\u00f1os asistentes.<\/p>\n<p dir=\"ltr\">Adem\u00e1s, al ingresar al evento, cada familia recibi\u00f3 una bolsita de dulces y una porci\u00f3n de Rosca de Reyes, y pudieron visitar el set especial para tomarse la fotograf\u00eda con los Reyes Magos, llevando a casa un recuerdo lleno de ilusi\u00f3n, junto con muchas sorpresas m\u00e1s.<\/p>\n<p dir=\"ltr\">El acceso al festival se realiz\u00f3 mediante boleto, el cual fue entregado previamente, garantizando una organizaci\u00f3n ordenada y segura para todas las familias.<\/p>\n<p dir=\"ltr\">En el evento tambi\u00e9n estuvieron presentes el diputado federal, Carlos Canturosas; el director del Sistema DIF, Viviano Vazquez Macias; s\u00edndicos y regidores del Republicano Ayuntamiento.<\/p>\n<p dir=\"ltr\">Con este tipo de eventos, el Gobierno Municipal y el Sistema DIF Nuevo Laredo reafirman su compromiso de tocar corazones, fortalecer la convivencia familiar y crear recuerdos inolvidables, celebrando a lo m\u00e1s valioso de nuestra ciudad: las ni\u00f1as y los ni\u00f1os.<\/p>\n<p dir=\"ltr\"><img loading=\"lazy\" decoding=\"async\" class=\"aligncenter size-full wp-image-194644\" src=\"https:\/\/www.buroperiodistico.com.mx\/wp-content\/uploads\/2026\/01\/CLCR-FESTIVAL-REYES-I.jpg\" alt=\"\" width=\"640\" height=\"372\" srcset=\"https:\/\/www.buroperiodistico.com.mx\/wp-content\/uploads\/2026\/01\/CLCR-FESTIVAL-REYES-I.jpg 640w, https:\/\/www.buroperiodistico.com.mx\/wp-content\/uploads\/2026\/01\/CLCR-FESTIVAL-REYES-I-300x174.jpg 300w\" sizes=\"auto, (max-width: 640px) 100vw, 640px\" \/> <img loading=\"lazy\" decoding=\"async\" class=\"aligncenter size-full wp-image-194646\" src=\"https:\/\/www.buroperiodistico.com.mx\/wp-content\/uploads\/2026\/01\/CLCR-FESTIVAL-REYES-III.jpeg\" alt=\"\" width=\"640\" height=\"426\" srcset=\"https:\/\/www.buroperiodistico.com.mx\/wp-content\/uploads\/2026\/01\/CLCR-FESTIVAL-REYES-III.jpeg 640w, https:\/\/www.buroperiodistico.com.mx\/wp-content\/uploads\/2026\/01\/CLCR-FESTIVAL-REYES-III-300x200.jpeg 300w\" sizes=\"auto, (max-width: 640px) 100vw, 640px\" \/> <img loading=\"lazy\" decoding=\"async\" class=\"aligncenter size-full wp-image-194645\" src=\"https:\/\/www.buroperiodistico.com.mx\/wp-content\/uploads\/2026\/01\/CLCR-FESTIVAL-REYES-II.jpeg\" alt=\"\" width=\"640\" height=\"428\" srcset=\"https:\/\/www.buroperiodistico.com.mx\/wp-content\/uploads\/2026\/01\/CLCR-FESTIVAL-REYES-II.jpeg 640w, https:\/\/www.buroperiodistico.com.mx\/wp-content\/uploads\/2026\/01\/CLCR-FESTIVAL-REYES-II-300x201.jpeg 300w\" sizes=\"auto, (max-width: 640px) 100vw, 640px\" \/><\/p>\n","protected":false},"excerpt":{"rendered":"<p>Nuevo Laredo, Tam (6-Enero-2026).-\u00a0El Polyforum La Fe se llen\u00f3 de alegr\u00eda, ilusi\u00f3n y sonrisas con&#8230;<\/p>\n","protected":false},"author":1,"featured_media":194647,"comment_status":"closed","ping_status":"closed","sticky":false,"template":"","format":"standard","meta":{"footnotes":"","jetpack_publicize_message":"","jetpack_publicize_feature_enabled":true,"jetpack_social_post_already_shared":true,"jetpack_social_options":{"image_generator_settings":{"template":"highway","default_image_id":0,"font":"","enabled":false},"version":2}},"categories":[16,25],"tags":[],"class_list":["post-194643","post","type-post","status-publish","format-standard","has-post-thumbnail","hentry","category-nuevolaredo","category-portada"],"jetpack_publicize_connections":[],"_links":{"self":[{"href":"https:\/\/www.buroperiodistico.com.mx\/index.php?rest_route=\/wp\/v2\/posts\/194643","targetHints":{"allow":["GET"]}}],"collection":[{"href":"https:\/\/www.buroperiodistico.com.mx\/index.php?rest_route=\/wp\/v2\/posts"}],"about":[{"href":"https:\/\/www.buroperiodistico.com.mx\/index.php?rest_route=\/wp\/v2\/types\/post"}],"author":[{"embeddable":true,"href":"https:\/\/www.buroperiodistico.com.mx\/index.php?rest_route=\/wp\/v2\/users\/1"}],"replies":[{"embeddable":true,"href":"https:\/\/www.buroperiodistico.com.mx\/index.php?rest_route=%2Fwp%2Fv2%2Fcomments&post=194643"}],"version-history":[{"count":1,"href":"https:\/\/www.buroperiodistico.com.mx\/index.php?rest_route=\/wp\/v2\/posts\/194643\/revisions"}],"predecessor-version":[{"id":194648,"href":"https:\/\/www.buroperiodistico.com.mx\/index.php?rest_route=\/wp\/v2\/posts\/194643\/revisions\/194648"}],"wp:featuredmedia":[{"embeddable":true,"href":"https:\/\/www.buroperiodistico.com.mx\/index.php?rest_route=\/wp\/v2\/media\/194647"}],"wp:attachment":[{"href":"https:\/\/www.buroperiodistico.com.mx\/index.php?rest_route=%2Fwp%2Fv2%2Fmedia&parent=194643"}],"wp:term":[{"taxonomy":"category","embeddable":true,"href":"https:\/\/www.buroperiodistico.com.mx\/index.php?rest_route=%2Fwp%2Fv2%2Fcategories&post=194643"},{"taxonomy":"post_tag","embeddable":true,"href":"https:\/\/www.buroperiodistico.com.mx\/index.php?rest_route=%2Fwp%2Fv2%2Ftags&post=194643"}],"curies":[{"name":"wp","href":"https:\/\/api.w.org\/{rel}","templated":true}]}}