{"id":194636,"date":"2026-01-06T17:57:43","date_gmt":"2026-01-06T23:57:43","guid":{"rendered":"https:\/\/www.buroperiodistico.com.mx\/?p=194636"},"modified":"2026-01-06T17:57:43","modified_gmt":"2026-01-06T23:57:43","slug":"inauguraron-alcalde-y-colonos-pavimentacion-hidraulica-de-la-calle-chiapas-en-la-esfuerzo","status":"publish","type":"post","link":"https:\/\/www.buroperiodistico.com.mx\/?p=194636","title":{"rendered":"Inauguraron Alcalde y colonos pavimentaci\u00f3n hidr\u00e1ulica de la calle Chiapas en la Esfuerzo"},"content":{"rendered":"<p><em><strong><img loading=\"lazy\" decoding=\"async\" class=\" wp-image-194641 alignright\" src=\"https:\/\/www.buroperiodistico.com.mx\/wp-content\/uploads\/2026\/01\/Cpox-3.jpeg\" alt=\"\" width=\"547\" height=\"334\" srcset=\"https:\/\/www.buroperiodistico.com.mx\/wp-content\/uploads\/2026\/01\/Cpox-3.jpeg 1024w, https:\/\/www.buroperiodistico.com.mx\/wp-content\/uploads\/2026\/01\/Cpox-3-300x183.jpeg 300w, https:\/\/www.buroperiodistico.com.mx\/wp-content\/uploads\/2026\/01\/Cpox-3-768x469.jpeg 768w\" sizes=\"auto, (max-width: 547px) 100vw, 547px\" \/>Reynosa, Tam (6-Enero-2026).-<\/strong><\/em> El Alcalde Carlos Pe\u00f1a Ortiz inaugur\u00f3 la pavimentaci\u00f3n hidr\u00e1ulica de la calle Chiapas en la colonia Esfuerzo Nacional, como parte del Programa de Obra M\u00e1s Grande en la Historia de Reynosa, una vialidad que est\u00e1 beneficiando a m\u00e1s de 3 Mil habitantes.<\/p>\n<p>\u00abTenemos Regidores de diferentes partidos pol\u00edticos que nos acompa\u00f1an y que nos ayudan a autorizar m\u00e1s obra p\u00fablica que nunca. Aqu\u00ed se terminaron de pavimentar varias cuadras con una inversi\u00f3n de m\u00e1s de 12 Millones de Pesos\u00bb, asegur\u00f3 el Presidente Municipal, quien estuvo acompa\u00f1ado por Secretarios y Directores de su administraci\u00f3n, as\u00ed como miembros del Cabildo.<\/p>\n<p>A nombre de los beneficiarios, la Lic. Cristal Anah\u00ed Gallardo Alan\u00eds agradeci\u00f3 el beneficio, una obra integral que mejora la movilidad y seguridad de automovilistas y peatones, facilitando el tr\u00e1nsito diario de miles de personas.<\/p>\n<p>#ReynosaImparable<br \/>\n#GobiernoMunicipalDeReynosa<\/p>\n<p><img loading=\"lazy\" decoding=\"async\" class=\"aligncenter size-full wp-image-194637\" src=\"https:\/\/www.buroperiodistico.com.mx\/wp-content\/uploads\/2026\/01\/Cpox-I-3.jpeg\" alt=\"\" width=\"640\" height=\"427\" srcset=\"https:\/\/www.buroperiodistico.com.mx\/wp-content\/uploads\/2026\/01\/Cpox-I-3.jpeg 640w, https:\/\/www.buroperiodistico.com.mx\/wp-content\/uploads\/2026\/01\/Cpox-I-3-300x200.jpeg 300w\" sizes=\"auto, (max-width: 640px) 100vw, 640px\" \/> <img loading=\"lazy\" decoding=\"async\" class=\"aligncenter size-full wp-image-194640\" src=\"https:\/\/www.buroperiodistico.com.mx\/wp-content\/uploads\/2026\/01\/Cpox-IIII-2.jpeg\" alt=\"\" width=\"640\" height=\"427\" srcset=\"https:\/\/www.buroperiodistico.com.mx\/wp-content\/uploads\/2026\/01\/Cpox-IIII-2.jpeg 640w, https:\/\/www.buroperiodistico.com.mx\/wp-content\/uploads\/2026\/01\/Cpox-IIII-2-300x200.jpeg 300w\" sizes=\"auto, (max-width: 640px) 100vw, 640px\" \/> <img loading=\"lazy\" decoding=\"async\" class=\"aligncenter size-full wp-image-194639\" src=\"https:\/\/www.buroperiodistico.com.mx\/wp-content\/uploads\/2026\/01\/Cpox-III-3.jpeg\" alt=\"\" width=\"640\" height=\"427\" srcset=\"https:\/\/www.buroperiodistico.com.mx\/wp-content\/uploads\/2026\/01\/Cpox-III-3.jpeg 640w, https:\/\/www.buroperiodistico.com.mx\/wp-content\/uploads\/2026\/01\/Cpox-III-3-300x200.jpeg 300w\" sizes=\"auto, (max-width: 640px) 100vw, 640px\" \/> <img loading=\"lazy\" decoding=\"async\" class=\"aligncenter size-full wp-image-194638\" src=\"https:\/\/www.buroperiodistico.com.mx\/wp-content\/uploads\/2026\/01\/Cpox-II-3.jpeg\" alt=\"\" width=\"640\" height=\"427\" srcset=\"https:\/\/www.buroperiodistico.com.mx\/wp-content\/uploads\/2026\/01\/Cpox-II-3.jpeg 640w, https:\/\/www.buroperiodistico.com.mx\/wp-content\/uploads\/2026\/01\/Cpox-II-3-300x200.jpeg 300w\" sizes=\"auto, (max-width: 640px) 100vw, 640px\" \/><\/p>\n","protected":false},"excerpt":{"rendered":"<p>Reynosa, Tam (6-Enero-2026).- El Alcalde Carlos Pe\u00f1a Ortiz inaugur\u00f3 la pavimentaci\u00f3n hidr\u00e1ulica de la calle&#8230;<\/p>\n","protected":false},"author":1,"featured_media":194641,"comment_status":"closed","ping_status":"closed","sticky":false,"template":"","format":"standard","meta":{"footnotes":"","jetpack_publicize_message":"","jetpack_publicize_feature_enabled":true,"jetpack_social_post_already_shared":true,"jetpack_social_options":{"image_generator_settings":{"template":"highway","default_image_id":0,"font":"","enabled":false},"version":2}},"categories":[25,9],"tags":[],"class_list":["post-194636","post","type-post","status-publish","format-standard","has-post-thumbnail","hentry","category-portada","category-reynosa"],"jetpack_publicize_connections":[],"_links":{"self":[{"href":"https:\/\/www.buroperiodistico.com.mx\/index.php?rest_route=\/wp\/v2\/posts\/194636","targetHints":{"allow":["GET"]}}],"collection":[{"href":"https:\/\/www.buroperiodistico.com.mx\/index.php?rest_route=\/wp\/v2\/posts"}],"about":[{"href":"https:\/\/www.buroperiodistico.com.mx\/index.php?rest_route=\/wp\/v2\/types\/post"}],"author":[{"embeddable":true,"href":"https:\/\/www.buroperiodistico.com.mx\/index.php?rest_route=\/wp\/v2\/users\/1"}],"replies":[{"embeddable":true,"href":"https:\/\/www.buroperiodistico.com.mx\/index.php?rest_route=%2Fwp%2Fv2%2Fcomments&post=194636"}],"version-history":[{"count":1,"href":"https:\/\/www.buroperiodistico.com.mx\/index.php?rest_route=\/wp\/v2\/posts\/194636\/revisions"}],"predecessor-version":[{"id":194642,"href":"https:\/\/www.buroperiodistico.com.mx\/index.php?rest_route=\/wp\/v2\/posts\/194636\/revisions\/194642"}],"wp:featuredmedia":[{"embeddable":true,"href":"https:\/\/www.buroperiodistico.com.mx\/index.php?rest_route=\/wp\/v2\/media\/194641"}],"wp:attachment":[{"href":"https:\/\/www.buroperiodistico.com.mx\/index.php?rest_route=%2Fwp%2Fv2%2Fmedia&parent=194636"}],"wp:term":[{"taxonomy":"category","embeddable":true,"href":"https:\/\/www.buroperiodistico.com.mx\/index.php?rest_route=%2Fwp%2Fv2%2Fcategories&post=194636"},{"taxonomy":"post_tag","embeddable":true,"href":"https:\/\/www.buroperiodistico.com.mx\/index.php?rest_route=%2Fwp%2Fv2%2Ftags&post=194636"}],"curies":[{"name":"wp","href":"https:\/\/api.w.org\/{rel}","templated":true}]}}