{"id":194620,"date":"2026-01-06T15:37:49","date_gmt":"2026-01-06T21:37:49","guid":{"rendered":"https:\/\/www.buroperiodistico.com.mx\/?p=194620"},"modified":"2026-01-06T15:37:49","modified_gmt":"2026-01-06T21:37:49","slug":"refuerza-secretaria-de-salud-acciones-de-seguridad-vial","status":"publish","type":"post","link":"https:\/\/www.buroperiodistico.com.mx\/?p=194620","title":{"rendered":"Refuerza Secretar\u00eda de Salud acciones de seguridad vial"},"content":{"rendered":"<ul>\n<li><em><strong>Para <\/strong><strong>la adecuada conducci\u00f3n de motocicletas\u00a0 <\/strong><\/em><\/li>\n<\/ul>\n<p><em><strong><img loading=\"lazy\" decoding=\"async\" class=\" wp-image-194622 alignright\" src=\"https:\/\/www.buroperiodistico.com.mx\/wp-content\/uploads\/2026\/01\/Accidentesmotos.jpg\" alt=\"\" width=\"508\" height=\"345\" srcset=\"https:\/\/www.buroperiodistico.com.mx\/wp-content\/uploads\/2026\/01\/Accidentesmotos.jpg 1024w, https:\/\/www.buroperiodistico.com.mx\/wp-content\/uploads\/2026\/01\/Accidentesmotos-300x204.jpg 300w, https:\/\/www.buroperiodistico.com.mx\/wp-content\/uploads\/2026\/01\/Accidentesmotos-768x521.jpg 768w\" sizes=\"auto, (max-width: 508px) 100vw, 508px\" \/>Cd. VICTORIA, TAMAULIPAS (6-Enero-2026).-<\/strong><\/em> Tras el incremento del uso de motocicletas como medio de transporte y para fortalecer la seguridad vial, la Secretar\u00eda de Salud implementa acciones preventivas, de capacitaci\u00f3n y normatividad para la adecuada conducci\u00f3n de este tipo de veh\u00edculos de motor.<\/p>\n<p>El secretario de Salud, Vicente Joel Hern\u00e1ndez Navarro, dijo que con el aumento de este transporte, que tambi\u00e9n es una herramienta de trabajo, a trav\u00e9s del departamento de Prevenci\u00f3n de Accidentes, se realizan actividades de concientizaci\u00f3n,\u00a0 as\u00ed como capacitaciones para reforzar la labor vial y la aplicaci\u00f3n de los reglamentos estatales y de tr\u00e1nsito.<\/p>\n<p>\u201cEstamos trabajando en la estrategia del gobierno de la doctora Claudia Sheinbaum Pardo y coordinada por el Secretariado T\u00e9cnico del Consejo Nacional para la Prevenci\u00f3n de Accidentes (STCONAPRA) la cual tiene como principal objetivo, sensibilizar a la poblaci\u00f3n sobre el riesgo que representa este transporte sino tomamos las medidas adecuadas para su uso y protecci\u00f3n\u201d, destac\u00f3 Hern\u00e1ndez Navarro.<\/p>\n<p>Dijo que en coordinaci\u00f3n con los gobiernos municipales, las principales acciones de esta estrategia nacional, se centra en el reforzamiento de las capacitaciones y programas de educaci\u00f3n vial como herramientas necesarias y de entrenamiento espec\u00edfico para el uso de las motociclistas.<\/p>\n<p>De igual manera la recomendaci\u00f3n del uso de casco certificado y\u00a0traje\u00a0completo que incluya chaqueta, pantal\u00f3n, guantes y botas, preferiblemente de materiales como cuero o cordura con protecciones en hombros, codos, rodillas, espalda y nudillos, lo que permite reducir la gravedad de las lesiones y salvar vidas.<\/p>\n<p>La prevenci\u00f3n de los accidentes viales es una responsabilidad compartida, que incluye respetar los l\u00edmites de velocidad, utilizar el equipo de protecci\u00f3n adecuado, tener el conocimiento de las normas de tr\u00e1nsito y vialidad para cumplirlas adecuadamente.<\/p>\n<p><img loading=\"lazy\" decoding=\"async\" class=\"aligncenter size-full wp-image-194621\" src=\"https:\/\/www.buroperiodistico.com.mx\/wp-content\/uploads\/2026\/01\/Accidentesmotos-I.jpg\" alt=\"\" width=\"640\" height=\"469\" srcset=\"https:\/\/www.buroperiodistico.com.mx\/wp-content\/uploads\/2026\/01\/Accidentesmotos-I.jpg 640w, https:\/\/www.buroperiodistico.com.mx\/wp-content\/uploads\/2026\/01\/Accidentesmotos-I-300x220.jpg 300w\" sizes=\"auto, (max-width: 640px) 100vw, 640px\" \/><\/p>\n","protected":false},"excerpt":{"rendered":"<p>Para la adecuada conducci\u00f3n de motocicletas\u00a0 Cd. VICTORIA, TAMAULIPAS (6-Enero-2026).- Tras el incremento del uso&#8230;<\/p>\n","protected":false},"author":1,"featured_media":194622,"comment_status":"closed","ping_status":"closed","sticky":false,"template":"","format":"standard","meta":{"footnotes":"","jetpack_publicize_message":"","jetpack_publicize_feature_enabled":true,"jetpack_social_post_already_shared":true,"jetpack_social_options":{"image_generator_settings":{"template":"highway","default_image_id":0,"font":"","enabled":false},"version":2}},"categories":[10],"tags":[],"class_list":["post-194620","post","type-post","status-publish","format-standard","has-post-thumbnail","hentry","category-tamaulipas"],"jetpack_publicize_connections":[],"_links":{"self":[{"href":"https:\/\/www.buroperiodistico.com.mx\/index.php?rest_route=\/wp\/v2\/posts\/194620","targetHints":{"allow":["GET"]}}],"collection":[{"href":"https:\/\/www.buroperiodistico.com.mx\/index.php?rest_route=\/wp\/v2\/posts"}],"about":[{"href":"https:\/\/www.buroperiodistico.com.mx\/index.php?rest_route=\/wp\/v2\/types\/post"}],"author":[{"embeddable":true,"href":"https:\/\/www.buroperiodistico.com.mx\/index.php?rest_route=\/wp\/v2\/users\/1"}],"replies":[{"embeddable":true,"href":"https:\/\/www.buroperiodistico.com.mx\/index.php?rest_route=%2Fwp%2Fv2%2Fcomments&post=194620"}],"version-history":[{"count":1,"href":"https:\/\/www.buroperiodistico.com.mx\/index.php?rest_route=\/wp\/v2\/posts\/194620\/revisions"}],"predecessor-version":[{"id":194623,"href":"https:\/\/www.buroperiodistico.com.mx\/index.php?rest_route=\/wp\/v2\/posts\/194620\/revisions\/194623"}],"wp:featuredmedia":[{"embeddable":true,"href":"https:\/\/www.buroperiodistico.com.mx\/index.php?rest_route=\/wp\/v2\/media\/194622"}],"wp:attachment":[{"href":"https:\/\/www.buroperiodistico.com.mx\/index.php?rest_route=%2Fwp%2Fv2%2Fmedia&parent=194620"}],"wp:term":[{"taxonomy":"category","embeddable":true,"href":"https:\/\/www.buroperiodistico.com.mx\/index.php?rest_route=%2Fwp%2Fv2%2Fcategories&post=194620"},{"taxonomy":"post_tag","embeddable":true,"href":"https:\/\/www.buroperiodistico.com.mx\/index.php?rest_route=%2Fwp%2Fv2%2Ftags&post=194620"}],"curies":[{"name":"wp","href":"https:\/\/api.w.org\/{rel}","templated":true}]}}