{"id":194565,"date":"2026-01-06T11:24:14","date_gmt":"2026-01-06T17:24:14","guid":{"rendered":"https:\/\/www.buroperiodistico.com.mx\/?p=194565"},"modified":"2026-01-06T11:24:14","modified_gmt":"2026-01-06T17:24:14","slug":"mas-de-33-mil-beneficiados-en-tamaulipas-con-programas-de-proteccion-infantil-y-adolescente","status":"publish","type":"post","link":"https:\/\/www.buroperiodistico.com.mx\/?p=194565","title":{"rendered":"M\u00e1s de 33 mil beneficiados en Tamaulipas con programas de protecci\u00f3n infantil y adolescente"},"content":{"rendered":"<p><em><strong><img loading=\"lazy\" decoding=\"async\" class=\" wp-image-194569 alignright\" src=\"https:\/\/www.buroperiodistico.com.mx\/wp-content\/uploads\/2026\/01\/NNAadolescente.jpeg\" alt=\"\" width=\"497\" height=\"270\" srcset=\"https:\/\/www.buroperiodistico.com.mx\/wp-content\/uploads\/2026\/01\/NNAadolescente.jpeg 1024w, https:\/\/www.buroperiodistico.com.mx\/wp-content\/uploads\/2026\/01\/NNAadolescente-300x163.jpeg 300w, https:\/\/www.buroperiodistico.com.mx\/wp-content\/uploads\/2026\/01\/NNAadolescente-768x417.jpeg 768w\" sizes=\"auto, (max-width: 497px) 100vw, 497px\" \/>Ciudad Victoria, Tamaulipas (6-Enero-2026).-<\/strong><\/em> En cumplimiento con la estrategia estatal impulsada por el gobernador Am\u00e9rico Villarreal Anaya para garantizar el respeto y protecci\u00f3n de los derechos de ni\u00f1as, ni\u00f1os y adolescentes, la Secretar\u00eda Ejecutiva del Sistema de Protecci\u00f3n Integral de los Derechos de Ni\u00f1as, Ni\u00f1os y Adolescentes (SIPINNA) en Tamaulipas fortaleci\u00f3 durante 2025 las acciones de sensibilizaci\u00f3n, capacitaci\u00f3n y participaci\u00f3n ciudadana en todo el estado, inform\u00f3 Ivette Salazar M\u00e1rquez, titular de la dependencia.<\/p>\n<p>A trav\u00e9s de pl\u00e1ticas, talleres y conferencias dirigidas a servidores p\u00fablicos, madres, padres, tutores y cuidadores, se abordaron temas prioritarios como acoso escolar, prevenci\u00f3n de abuso sexual, trabajo infantil, derechos humanos y comunicaci\u00f3n con perspectiva de infancia, beneficiando a 33,940 personas en la entidad.<\/p>\n<p>Adicionalmente, se implementaron jornadas nacionales en coordinaci\u00f3n con los SIPINNA locales, con la participaci\u00f3n de 28,178 estudiantes de comunidades escolares, abordando temas como acoso escolar, Ley Olimpia, derechos humanos y prevenci\u00f3n de violencias, consolidando una cultura de respeto y protecci\u00f3n desde la ni\u00f1ez.<\/p>\n<p>En apoyo al desarrollo integral, se instalaron 23 espacios de protecci\u00f3n, conformados por ludotecas y bebetecas, que han beneficiado a 685 ni\u00f1as y ni\u00f1os en diversos municipios.<\/p>\n<p>Entre las iniciativas destacadas, se llev\u00f3 a cabo la consulta infantil \u201cComer es Nuestro Derecho\u201d, organizada por World Vision, en la que participaron 5,189 ni\u00f1as y ni\u00f1os, quienes expresaron su visi\u00f3n sobre el derecho a la alimentaci\u00f3n.<\/p>\n<p>Finalmente, se lanz\u00f3 la convocatoria para la Tercera Generaci\u00f3n del Consejo Consultivo de Ni\u00f1as, Ni\u00f1os y Adolescentes (OPINNA), con la participaci\u00f3n de 103 j\u00f3venes de 33 municipios, resultando electos 33 consejeros y consejeras, fortaleciendo as\u00ed la voz de la infancia y adolescencia en las pol\u00edticas p\u00fablicas estatales.<\/p>\n<p><img loading=\"lazy\" decoding=\"async\" class=\"aligncenter size-full wp-image-194566\" src=\"https:\/\/www.buroperiodistico.com.mx\/wp-content\/uploads\/2026\/01\/NNAadolescente-I.jpeg\" alt=\"\" width=\"640\" height=\"360\" srcset=\"https:\/\/www.buroperiodistico.com.mx\/wp-content\/uploads\/2026\/01\/NNAadolescente-I.jpeg 640w, https:\/\/www.buroperiodistico.com.mx\/wp-content\/uploads\/2026\/01\/NNAadolescente-I-300x169.jpeg 300w\" sizes=\"auto, (max-width: 640px) 100vw, 640px\" \/> <img loading=\"lazy\" decoding=\"async\" class=\"aligncenter size-full wp-image-194568\" src=\"https:\/\/www.buroperiodistico.com.mx\/wp-content\/uploads\/2026\/01\/NNAadolescente-III.jpeg\" alt=\"\" width=\"576\" height=\"480\" srcset=\"https:\/\/www.buroperiodistico.com.mx\/wp-content\/uploads\/2026\/01\/NNAadolescente-III.jpeg 576w, https:\/\/www.buroperiodistico.com.mx\/wp-content\/uploads\/2026\/01\/NNAadolescente-III-300x250.jpeg 300w\" sizes=\"auto, (max-width: 576px) 100vw, 576px\" \/> <img loading=\"lazy\" decoding=\"async\" class=\"aligncenter size-full wp-image-194567\" src=\"https:\/\/www.buroperiodistico.com.mx\/wp-content\/uploads\/2026\/01\/NNAadolescente-II.jpeg\" alt=\"\" width=\"640\" height=\"360\" srcset=\"https:\/\/www.buroperiodistico.com.mx\/wp-content\/uploads\/2026\/01\/NNAadolescente-II.jpeg 640w, https:\/\/www.buroperiodistico.com.mx\/wp-content\/uploads\/2026\/01\/NNAadolescente-II-300x169.jpeg 300w\" sizes=\"auto, (max-width: 640px) 100vw, 640px\" \/><\/p>\n","protected":false},"excerpt":{"rendered":"<p>Ciudad Victoria, Tamaulipas (6-Enero-2026).- En cumplimiento con la estrategia estatal impulsada por el gobernador Am\u00e9rico&#8230;<\/p>\n","protected":false},"author":1,"featured_media":194569,"comment_status":"closed","ping_status":"closed","sticky":false,"template":"","format":"standard","meta":{"footnotes":"","jetpack_publicize_message":"","jetpack_publicize_feature_enabled":true,"jetpack_social_post_already_shared":true,"jetpack_social_options":{"image_generator_settings":{"template":"highway","default_image_id":0,"font":"","enabled":false},"version":2}},"categories":[10],"tags":[],"class_list":["post-194565","post","type-post","status-publish","format-standard","has-post-thumbnail","hentry","category-tamaulipas"],"jetpack_publicize_connections":[],"_links":{"self":[{"href":"https:\/\/www.buroperiodistico.com.mx\/index.php?rest_route=\/wp\/v2\/posts\/194565","targetHints":{"allow":["GET"]}}],"collection":[{"href":"https:\/\/www.buroperiodistico.com.mx\/index.php?rest_route=\/wp\/v2\/posts"}],"about":[{"href":"https:\/\/www.buroperiodistico.com.mx\/index.php?rest_route=\/wp\/v2\/types\/post"}],"author":[{"embeddable":true,"href":"https:\/\/www.buroperiodistico.com.mx\/index.php?rest_route=\/wp\/v2\/users\/1"}],"replies":[{"embeddable":true,"href":"https:\/\/www.buroperiodistico.com.mx\/index.php?rest_route=%2Fwp%2Fv2%2Fcomments&post=194565"}],"version-history":[{"count":1,"href":"https:\/\/www.buroperiodistico.com.mx\/index.php?rest_route=\/wp\/v2\/posts\/194565\/revisions"}],"predecessor-version":[{"id":194570,"href":"https:\/\/www.buroperiodistico.com.mx\/index.php?rest_route=\/wp\/v2\/posts\/194565\/revisions\/194570"}],"wp:featuredmedia":[{"embeddable":true,"href":"https:\/\/www.buroperiodistico.com.mx\/index.php?rest_route=\/wp\/v2\/media\/194569"}],"wp:attachment":[{"href":"https:\/\/www.buroperiodistico.com.mx\/index.php?rest_route=%2Fwp%2Fv2%2Fmedia&parent=194565"}],"wp:term":[{"taxonomy":"category","embeddable":true,"href":"https:\/\/www.buroperiodistico.com.mx\/index.php?rest_route=%2Fwp%2Fv2%2Fcategories&post=194565"},{"taxonomy":"post_tag","embeddable":true,"href":"https:\/\/www.buroperiodistico.com.mx\/index.php?rest_route=%2Fwp%2Fv2%2Ftags&post=194565"}],"curies":[{"name":"wp","href":"https:\/\/api.w.org\/{rel}","templated":true}]}}