{"id":194562,"date":"2026-01-06T11:17:42","date_gmt":"2026-01-06T17:17:42","guid":{"rendered":"https:\/\/www.buroperiodistico.com.mx\/?p=194562"},"modified":"2026-01-06T11:17:42","modified_gmt":"2026-01-06T17:17:42","slug":"ofrece-dif-reynosa-espacios-disponibles-en-guarderia-cadi-5","status":"publish","type":"post","link":"https:\/\/www.buroperiodistico.com.mx\/?p=194562","title":{"rendered":"Ofrece DIF-Reynosa espacios disponibles en Guarder\u00eda CADI 5"},"content":{"rendered":"<p><em><strong><img loading=\"lazy\" decoding=\"async\" class=\" wp-image-194563 alignright\" src=\"https:\/\/www.buroperiodistico.com.mx\/wp-content\/uploads\/2026\/01\/Guardex.jpeg\" alt=\"\" width=\"449\" height=\"272\" srcset=\"https:\/\/www.buroperiodistico.com.mx\/wp-content\/uploads\/2026\/01\/Guardex.jpeg 1024w, https:\/\/www.buroperiodistico.com.mx\/wp-content\/uploads\/2026\/01\/Guardex-300x182.jpeg 300w, https:\/\/www.buroperiodistico.com.mx\/wp-content\/uploads\/2026\/01\/Guardex-768x466.jpeg 768w\" sizes=\"auto, (max-width: 449px) 100vw, 449px\" \/>Reynosa, Tam (6-Enero-2026).-<\/strong><\/em> El Sistema DIF-Reynosa que preside Carlos Luis Pe\u00f1a Garza, informa a la ciudadan\u00eda que Guarder\u00eda CADI n\u00famero 5 cuenta actualmente con cupos disponibles para brindar un servicio integral orientado al cuidado, la atenci\u00f3n y el desarrollo infantil.<\/p>\n<p>Esta guarder\u00eda se ubica en Calle sin nombre n\u00famero 401, en la colonia Paseo Residencial, y ofrece atenci\u00f3n para lactantes, maternal y niveles de preescolar, apoyando a las familias trabajadoras.<\/p>\n<p>DIF-Reynosa invita a madres y padres de familia a acercarse y aprovechar estos espacios, dise\u00f1ados para apoyar a las familias y contribuir al bienestar y desarrollo de la ni\u00f1ez; para mayor informaci\u00f3n, pueden comunicarse al tel\u00e9fono 8998233314, a partir de este mi\u00e9rcoles 7 de enero.<\/p>\n","protected":false},"excerpt":{"rendered":"<p>Reynosa, Tam (6-Enero-2026).- El Sistema DIF-Reynosa que preside Carlos Luis Pe\u00f1a Garza, informa a la&#8230;<\/p>\n","protected":false},"author":1,"featured_media":194563,"comment_status":"closed","ping_status":"closed","sticky":false,"template":"","format":"standard","meta":{"footnotes":"","jetpack_publicize_message":"","jetpack_publicize_feature_enabled":true,"jetpack_social_post_already_shared":true,"jetpack_social_options":{"image_generator_settings":{"template":"highway","default_image_id":0,"font":"","enabled":false},"version":2}},"categories":[9],"tags":[],"class_list":["post-194562","post","type-post","status-publish","format-standard","has-post-thumbnail","hentry","category-reynosa"],"jetpack_publicize_connections":[],"_links":{"self":[{"href":"https:\/\/www.buroperiodistico.com.mx\/index.php?rest_route=\/wp\/v2\/posts\/194562","targetHints":{"allow":["GET"]}}],"collection":[{"href":"https:\/\/www.buroperiodistico.com.mx\/index.php?rest_route=\/wp\/v2\/posts"}],"about":[{"href":"https:\/\/www.buroperiodistico.com.mx\/index.php?rest_route=\/wp\/v2\/types\/post"}],"author":[{"embeddable":true,"href":"https:\/\/www.buroperiodistico.com.mx\/index.php?rest_route=\/wp\/v2\/users\/1"}],"replies":[{"embeddable":true,"href":"https:\/\/www.buroperiodistico.com.mx\/index.php?rest_route=%2Fwp%2Fv2%2Fcomments&post=194562"}],"version-history":[{"count":1,"href":"https:\/\/www.buroperiodistico.com.mx\/index.php?rest_route=\/wp\/v2\/posts\/194562\/revisions"}],"predecessor-version":[{"id":194564,"href":"https:\/\/www.buroperiodistico.com.mx\/index.php?rest_route=\/wp\/v2\/posts\/194562\/revisions\/194564"}],"wp:featuredmedia":[{"embeddable":true,"href":"https:\/\/www.buroperiodistico.com.mx\/index.php?rest_route=\/wp\/v2\/media\/194563"}],"wp:attachment":[{"href":"https:\/\/www.buroperiodistico.com.mx\/index.php?rest_route=%2Fwp%2Fv2%2Fmedia&parent=194562"}],"wp:term":[{"taxonomy":"category","embeddable":true,"href":"https:\/\/www.buroperiodistico.com.mx\/index.php?rest_route=%2Fwp%2Fv2%2Fcategories&post=194562"},{"taxonomy":"post_tag","embeddable":true,"href":"https:\/\/www.buroperiodistico.com.mx\/index.php?rest_route=%2Fwp%2Fv2%2Ftags&post=194562"}],"curies":[{"name":"wp","href":"https:\/\/api.w.org\/{rel}","templated":true}]}}