{"id":194545,"date":"2026-01-05T22:06:19","date_gmt":"2026-01-06T04:06:19","guid":{"rendered":"https:\/\/www.buroperiodistico.com.mx\/?p=194545"},"modified":"2026-01-05T22:06:19","modified_gmt":"2026-01-06T04:06:19","slug":"cronicas-politicas-por-alberto-guerra-salazar-622","status":"publish","type":"post","link":"https:\/\/www.buroperiodistico.com.mx\/?p=194545","title":{"rendered":"CRONICAS POLITICAS\/ Por Alberto Guerra Salazar"},"content":{"rendered":"<p><strong><em>05 de enero 2026<\/em><\/strong><\/p>\n<p style=\"text-align: center;\"><strong>Periodismo e integridad<\/strong><\/p>\n<p>CIUDAD VICTORIA, (ASI).\u2014 Los comunicadores son el tema del d\u00eda con motivo de celebrarse el 4 de enero el D\u00eda del Periodista, y funcionarios p\u00fablicos y pol\u00edticos aprovechan la ocasi\u00f3n para hacerlos objeto de atenciones, fiestas y reconocimientos.<\/p>\n<p>As\u00ed ocurrir\u00e1 ma\u00f1ana en Ciudad Victoria y en Nuevo Laredo, cuando el gobierno del Estado ofrezca una comida en honor de los trabajadores de los medios de comunicaci\u00f3n. Am\u00e9rico Villarreal Anaya y Carmen Lilia Cant\u00farosas Villarreal llevan buena relaci\u00f3n con la prensa.<\/p>\n<p>La modernidad ha dado otra dimensi\u00f3n a la comunicaci\u00f3n social pues ahora es instant\u00e1nea la difusi\u00f3n de noticias gracias al internet y otras v\u00edas, al grado de que una informaci\u00f3n ya no es valiosa por su oportunidad (primicia, se le llama), sino por el ingenio, la gracia o la inteligencia con la que se escriba.<\/p>\n<p>Por supuesto, los valores b\u00e1sicos del periodismo son invariables: objetividad, veracidad, precisi\u00f3n, honestidad, y los lectores conocen las publicaciones que se caracterizan por estas cualidades y las favorecen con su atenci\u00f3n.<\/p>\n<p>Por nuestra parte, usamos el privilegio de lector para escoger las publicaciones y rechazar las que son fr\u00edvolas, superficiales.<\/p>\n<p>El reportero de a pie es todav\u00eda un personaje importante dentro de la sociedad debido a que recoge cotidianamente testimonios de lo que ocurre a su alrededor y da cuenta de ello, cuando se transforman en temas de inter\u00e9s, cuidando con esmero la objetividad.<\/p>\n<p>Lo mismo aplica para comunicadores que se especializan en examinar con acuciosidad los temas relevantes para darles una interpretaci\u00f3n y mostrarlos en t\u00e9rminos simples a los lectores.<\/p>\n<p>El ejercicio de la comunicaci\u00f3n social es particularmente trascendente cuando se ejerce desde la funci\u00f3n p\u00fablica, es decir, de parte de funcionarios gubernamentales pues la rendici\u00f3n de cuentas y la transparencia de sus acciones son vitales para ganarse la confianza del respetable.<\/p>\n<p>Caso t\u00edpico es el de Francisco Garc\u00eda Cabeza de Vaca que no necesita presentaci\u00f3n y solo basta rememorar que es pr\u00f3fugo de la justicia por la comisi\u00f3n de un mont\u00f3n de delitos. La opacidad fue la divisa de su gesti\u00f3n sexenal porque ten\u00eda mucho qu\u00e9 esconder.<\/p>\n<p>En temas amables, el gobierno de Nuevo Laredo rindi\u00f3 ayer homenaje a la prensa como un acto de respeto, memoria y reconocimiento a quienes se dedican a esta profesi\u00f3n as\u00ed como a los compa\u00f1eros que le dedicaron sus vidas y hoy no pertenecen al plano terrenal.<\/p>\n<p>\u201cLa libertad de expresi\u00f3n es el term\u00f3metro de una democracia sana. Sin una prensa libre, cr\u00edtica y participativa, el progreso de nuestra ciudad se quedar\u00eda a oscuras. Como gobierno, reconocemos y defendemos su derecho a informar, pues entendemos que la verdad es el rostro de la transparencia. Sin embargo, para que esta libertad cumpla su prop\u00f3sito m\u00e1s elevado, debe caminar siempre de la mano del respeto a las garant\u00edas individuales y los derechos de las personas\u201d, dijo la joven edil en su mensaje.<\/p>\n<p>Agreg\u00f3 que no solo se conmemora a quienes han ejercido el periodismo, sino que tambi\u00e9n celebra el D\u00eda de la Libertad de Prensa, una fecha que invita a reflexionar sobre la trascendental importancia de una prensa libre y su papel esencial en el desarrollo de la comunidad.<\/p>\n<p>\u201cDesde el gobierno municipal, les invito z que sigamos trabajando bajo esta premisa de respeto mutuo. Una sociedad bien informad es una sociedad que toma mejores decisiones; y un gremio period\u00edstico profesional, es garant\u00eda de que Nuevo Laredo seguir\u00e1 bien informado, de manera profesional y objetiva. Sigamos construyendo juntos una ciudad donde la palabra sea puente y no barrera, donde la cr\u00edtica nos ayude a mejorar y donde la verdad sea siempre nuestra meta com\u00fan\u201d, dijo.<\/p>\n<p>Correo electr\u00f3nico: albertoguerra65@hotmail,com<\/p>\n","protected":false},"excerpt":{"rendered":"<p>05 de enero 2026 Periodismo e integridad CIUDAD VICTORIA, (ASI).\u2014 Los comunicadores son el tema&#8230;<\/p>\n","protected":false},"author":1,"featured_media":149413,"comment_status":"closed","ping_status":"closed","sticky":false,"template":"","format":"standard","meta":{"footnotes":"","jetpack_publicize_message":"","jetpack_publicize_feature_enabled":true,"jetpack_social_post_already_shared":true,"jetpack_social_options":{"image_generator_settings":{"template":"highway","default_image_id":0,"font":"","enabled":false},"version":2}},"categories":[23],"tags":[],"class_list":["post-194545","post","type-post","status-publish","format-standard","has-post-thumbnail","hentry","category-columnas"],"jetpack_publicize_connections":[],"_links":{"self":[{"href":"https:\/\/www.buroperiodistico.com.mx\/index.php?rest_route=\/wp\/v2\/posts\/194545","targetHints":{"allow":["GET"]}}],"collection":[{"href":"https:\/\/www.buroperiodistico.com.mx\/index.php?rest_route=\/wp\/v2\/posts"}],"about":[{"href":"https:\/\/www.buroperiodistico.com.mx\/index.php?rest_route=\/wp\/v2\/types\/post"}],"author":[{"embeddable":true,"href":"https:\/\/www.buroperiodistico.com.mx\/index.php?rest_route=\/wp\/v2\/users\/1"}],"replies":[{"embeddable":true,"href":"https:\/\/www.buroperiodistico.com.mx\/index.php?rest_route=%2Fwp%2Fv2%2Fcomments&post=194545"}],"version-history":[{"count":1,"href":"https:\/\/www.buroperiodistico.com.mx\/index.php?rest_route=\/wp\/v2\/posts\/194545\/revisions"}],"predecessor-version":[{"id":194546,"href":"https:\/\/www.buroperiodistico.com.mx\/index.php?rest_route=\/wp\/v2\/posts\/194545\/revisions\/194546"}],"wp:featuredmedia":[{"embeddable":true,"href":"https:\/\/www.buroperiodistico.com.mx\/index.php?rest_route=\/wp\/v2\/media\/149413"}],"wp:attachment":[{"href":"https:\/\/www.buroperiodistico.com.mx\/index.php?rest_route=%2Fwp%2Fv2%2Fmedia&parent=194545"}],"wp:term":[{"taxonomy":"category","embeddable":true,"href":"https:\/\/www.buroperiodistico.com.mx\/index.php?rest_route=%2Fwp%2Fv2%2Fcategories&post=194545"},{"taxonomy":"post_tag","embeddable":true,"href":"https:\/\/www.buroperiodistico.com.mx\/index.php?rest_route=%2Fwp%2Fv2%2Ftags&post=194545"}],"curies":[{"name":"wp","href":"https:\/\/api.w.org\/{rel}","templated":true}]}}