{"id":194527,"date":"2026-01-05T18:43:14","date_gmt":"2026-01-06T00:43:14","guid":{"rendered":"https:\/\/www.buroperiodistico.com.mx\/?p=194527"},"modified":"2026-01-05T18:43:14","modified_gmt":"2026-01-06T00:43:14","slug":"refuerza-ceav-tamaulipas-atencion-integral-a-victimas-con-mas-de-60-mil-servicios-otorgados","status":"publish","type":"post","link":"https:\/\/www.buroperiodistico.com.mx\/?p=194527","title":{"rendered":"Refuerza CEAV Tamaulipas atenci\u00f3n integral a v\u00edctimas con m\u00e1s de 60 mil servicios otorgados"},"content":{"rendered":"<p><em><strong><img loading=\"lazy\" decoding=\"async\" class=\" wp-image-194531 alignright\" src=\"https:\/\/www.buroperiodistico.com.mx\/wp-content\/uploads\/2026\/01\/CAVotorgados.jpeg\" alt=\"\" width=\"494\" height=\"296\" srcset=\"https:\/\/www.buroperiodistico.com.mx\/wp-content\/uploads\/2026\/01\/CAVotorgados.jpeg 1024w, https:\/\/www.buroperiodistico.com.mx\/wp-content\/uploads\/2026\/01\/CAVotorgados-300x180.jpeg 300w, https:\/\/www.buroperiodistico.com.mx\/wp-content\/uploads\/2026\/01\/CAVotorgados-768x461.jpeg 768w\" sizes=\"auto, (max-width: 494px) 100vw, 494px\" \/>Ciudad Victoria, Tamaulipas (5-Enero-2026).-<\/strong><\/em> Como parte de las acciones permanentes para atender a la ciudadan\u00eda, la Comisi\u00f3n Estatal de Atenci\u00f3n a V\u00edctimas de Tamaulipas (CEAV) otorg\u00f3, de enero a diciembre de 2025, un total de 60,143 atenciones, inform\u00f3 Lorena Perales Salinas, comisionada estatal de la dependencia en la entidad.<\/p>\n<p>La funcionaria detall\u00f3 que 40,943 atenciones correspondieron al \u00e1rea jur\u00eddica, enfocadas en brindar asesor\u00eda legal y acompa\u00f1amiento durante los procesos de acceso a la justicia. En tanto, 19,200 atenciones fueron proporcionadas por la Direcci\u00f3n de Atenci\u00f3n Inmediata y Seguimiento, a trav\u00e9s de servicios de trabajo social, atenci\u00f3n psicol\u00f3gica y primer contacto.<\/p>\n<p>Perales Salinas se\u00f1al\u00f3 que estas cifras reflejan el compromiso institucional de la CEAV con una atenci\u00f3n oportuna, especializada y con enfoque humano, priorizando el acompa\u00f1amiento integral de las personas en situaci\u00f3n de v\u00edctima.<\/p>\n<p>Finalmente, reiter\u00f3 que la Comisi\u00f3n continuar\u00e1 fortaleciendo sus programas y servicios para garantizar el acceso efectivo a la justicia y una atenci\u00f3n digna a las y los tamaulipecos que as\u00ed lo requieran.<\/p>\n<p><img loading=\"lazy\" decoding=\"async\" class=\"aligncenter size-full wp-image-194528\" src=\"https:\/\/www.buroperiodistico.com.mx\/wp-content\/uploads\/2026\/01\/CAVotorgados-I.jpeg\" alt=\"\" width=\"640\" height=\"427\" srcset=\"https:\/\/www.buroperiodistico.com.mx\/wp-content\/uploads\/2026\/01\/CAVotorgados-I.jpeg 640w, https:\/\/www.buroperiodistico.com.mx\/wp-content\/uploads\/2026\/01\/CAVotorgados-I-300x200.jpeg 300w\" sizes=\"auto, (max-width: 640px) 100vw, 640px\" \/> <img loading=\"lazy\" decoding=\"async\" class=\"aligncenter size-full wp-image-194530\" src=\"https:\/\/www.buroperiodistico.com.mx\/wp-content\/uploads\/2026\/01\/CAVotorgados-III.jpeg\" alt=\"\" width=\"640\" height=\"427\" srcset=\"https:\/\/www.buroperiodistico.com.mx\/wp-content\/uploads\/2026\/01\/CAVotorgados-III.jpeg 640w, https:\/\/www.buroperiodistico.com.mx\/wp-content\/uploads\/2026\/01\/CAVotorgados-III-300x200.jpeg 300w\" sizes=\"auto, (max-width: 640px) 100vw, 640px\" \/> <img loading=\"lazy\" decoding=\"async\" class=\"aligncenter size-full wp-image-194529\" src=\"https:\/\/www.buroperiodistico.com.mx\/wp-content\/uploads\/2026\/01\/CAVotorgados-II.jpeg\" alt=\"\" width=\"640\" height=\"427\" srcset=\"https:\/\/www.buroperiodistico.com.mx\/wp-content\/uploads\/2026\/01\/CAVotorgados-II.jpeg 640w, https:\/\/www.buroperiodistico.com.mx\/wp-content\/uploads\/2026\/01\/CAVotorgados-II-300x200.jpeg 300w\" sizes=\"auto, (max-width: 640px) 100vw, 640px\" \/><\/p>\n","protected":false},"excerpt":{"rendered":"<p>Ciudad Victoria, Tamaulipas (5-Enero-2026).- Como parte de las acciones permanentes para atender a la ciudadan\u00eda,&#8230;<\/p>\n","protected":false},"author":1,"featured_media":194531,"comment_status":"closed","ping_status":"closed","sticky":false,"template":"","format":"standard","meta":{"footnotes":"","jetpack_publicize_message":"","jetpack_publicize_feature_enabled":true,"jetpack_social_post_already_shared":true,"jetpack_social_options":{"image_generator_settings":{"template":"highway","default_image_id":0,"font":"","enabled":false},"version":2}},"categories":[10],"tags":[],"class_list":["post-194527","post","type-post","status-publish","format-standard","has-post-thumbnail","hentry","category-tamaulipas"],"jetpack_publicize_connections":[],"_links":{"self":[{"href":"https:\/\/www.buroperiodistico.com.mx\/index.php?rest_route=\/wp\/v2\/posts\/194527","targetHints":{"allow":["GET"]}}],"collection":[{"href":"https:\/\/www.buroperiodistico.com.mx\/index.php?rest_route=\/wp\/v2\/posts"}],"about":[{"href":"https:\/\/www.buroperiodistico.com.mx\/index.php?rest_route=\/wp\/v2\/types\/post"}],"author":[{"embeddable":true,"href":"https:\/\/www.buroperiodistico.com.mx\/index.php?rest_route=\/wp\/v2\/users\/1"}],"replies":[{"embeddable":true,"href":"https:\/\/www.buroperiodistico.com.mx\/index.php?rest_route=%2Fwp%2Fv2%2Fcomments&post=194527"}],"version-history":[{"count":2,"href":"https:\/\/www.buroperiodistico.com.mx\/index.php?rest_route=\/wp\/v2\/posts\/194527\/revisions"}],"predecessor-version":[{"id":194533,"href":"https:\/\/www.buroperiodistico.com.mx\/index.php?rest_route=\/wp\/v2\/posts\/194527\/revisions\/194533"}],"wp:featuredmedia":[{"embeddable":true,"href":"https:\/\/www.buroperiodistico.com.mx\/index.php?rest_route=\/wp\/v2\/media\/194531"}],"wp:attachment":[{"href":"https:\/\/www.buroperiodistico.com.mx\/index.php?rest_route=%2Fwp%2Fv2%2Fmedia&parent=194527"}],"wp:term":[{"taxonomy":"category","embeddable":true,"href":"https:\/\/www.buroperiodistico.com.mx\/index.php?rest_route=%2Fwp%2Fv2%2Fcategories&post=194527"},{"taxonomy":"post_tag","embeddable":true,"href":"https:\/\/www.buroperiodistico.com.mx\/index.php?rest_route=%2Fwp%2Fv2%2Ftags&post=194527"}],"curies":[{"name":"wp","href":"https:\/\/api.w.org\/{rel}","templated":true}]}}