{"id":194505,"date":"2026-01-05T16:49:04","date_gmt":"2026-01-05T22:49:04","guid":{"rendered":"https:\/\/www.buroperiodistico.com.mx\/?p=194505"},"modified":"2026-01-05T16:49:04","modified_gmt":"2026-01-05T22:49:04","slug":"asiste-presidente-del-congreso-de-tamaulipas-humberto-prieto-herrera-al-primer-acto-civico-del-gobierno-del-estado","status":"publish","type":"post","link":"https:\/\/www.buroperiodistico.com.mx\/?p=194505","title":{"rendered":"Asiste presidente del Congreso de Tamaulipas, Humberto Prieto Herrera al primer acto c\u00edvico del Gobierno del estado"},"content":{"rendered":"<ul>\n<li><strong><em>Supervisa trabajo legislativo de la Comisi\u00f3n Permanente en el inicio de actividades del 2026.<\/em><\/strong><\/li>\n<\/ul>\n<p><strong><img loading=\"lazy\" decoding=\"async\" class=\" wp-image-194506 alignright\" src=\"https:\/\/www.buroperiodistico.com.mx\/wp-content\/uploads\/2026\/01\/Asix.jpeg\" alt=\"\" width=\"407\" height=\"257\" srcset=\"https:\/\/www.buroperiodistico.com.mx\/wp-content\/uploads\/2026\/01\/Asix.jpeg 1024w, https:\/\/www.buroperiodistico.com.mx\/wp-content\/uploads\/2026\/01\/Asix-300x189.jpeg 300w, https:\/\/www.buroperiodistico.com.mx\/wp-content\/uploads\/2026\/01\/Asix-768x485.jpeg 768w\" sizes=\"auto, (max-width: 407px) 100vw, 407px\" \/>Cd. Victoria, Tam (5-Enero-2026).-<\/strong> El presidente de la Junta de Gobierno del Congreso Libre y Soberano de Tamaulipas, Humberto Prieto Herrera, este lunes 5 de enero de 2026, atendi\u00f3 la invitaci\u00f3n del Gobernador Am\u00e9rico Villarreal Anaya, asistiendo a la ceremonia c\u00edvica de honores a la bandera en Palacio de Gobierno.<\/p>\n<p>\u201cDentro de las actividades con las que arrancamos este a\u00f1o, est\u00e1n los honores a la bandera, as\u00ed mismo revisar algunos pendientes del Congreso del estado, para alistar la pr\u00f3xima apertura del periodo de actividades ordinarias el 15 de enero, aunado a seguir de cerca temas de la Comisi\u00f3n Permanente encargada de dar continuidad a los trabajos legislativos\u201d.<\/p>\n<p>La convocatoria para la elecci\u00f3n del nuevo titular de la Fiscal\u00eda Anticorrupci\u00f3n es otro de los temas que se siguen de cerca, por parte del presidente de la JUGOB, toda vez que el registro de los aspirantes cierra este pr\u00f3ximo viernes 9 de enero.<\/p>\n<p>De esta manera es como el Presidente del Congreso, Humberto Prieto Herrera, arranca de manera oficial los trabajos del 2026, reiterando el compromiso con las y los Tamaulipecos.<\/p>\n<p><img loading=\"lazy\" decoding=\"async\" class=\"aligncenter size-full wp-image-194507\" src=\"https:\/\/www.buroperiodistico.com.mx\/wp-content\/uploads\/2026\/01\/Asix-I.jpeg\" alt=\"\" width=\"640\" height=\"427\" srcset=\"https:\/\/www.buroperiodistico.com.mx\/wp-content\/uploads\/2026\/01\/Asix-I.jpeg 640w, https:\/\/www.buroperiodistico.com.mx\/wp-content\/uploads\/2026\/01\/Asix-I-300x200.jpeg 300w\" sizes=\"auto, (max-width: 640px) 100vw, 640px\" \/> <img loading=\"lazy\" decoding=\"async\" class=\"aligncenter size-full wp-image-194508\" src=\"https:\/\/www.buroperiodistico.com.mx\/wp-content\/uploads\/2026\/01\/Asix-II.jpeg\" alt=\"\" width=\"640\" height=\"427\" srcset=\"https:\/\/www.buroperiodistico.com.mx\/wp-content\/uploads\/2026\/01\/Asix-II.jpeg 640w, https:\/\/www.buroperiodistico.com.mx\/wp-content\/uploads\/2026\/01\/Asix-II-300x200.jpeg 300w\" sizes=\"auto, (max-width: 640px) 100vw, 640px\" \/> <img loading=\"lazy\" decoding=\"async\" class=\"aligncenter size-full wp-image-194509\" src=\"https:\/\/www.buroperiodistico.com.mx\/wp-content\/uploads\/2026\/01\/Asix-III.jpeg\" alt=\"\" width=\"640\" height=\"427\" srcset=\"https:\/\/www.buroperiodistico.com.mx\/wp-content\/uploads\/2026\/01\/Asix-III.jpeg 640w, https:\/\/www.buroperiodistico.com.mx\/wp-content\/uploads\/2026\/01\/Asix-III-300x200.jpeg 300w\" sizes=\"auto, (max-width: 640px) 100vw, 640px\" \/><\/p>\n","protected":false},"excerpt":{"rendered":"<p>Supervisa trabajo legislativo de la Comisi\u00f3n Permanente en el inicio de actividades del 2026. Cd&#8230;.<\/p>\n","protected":false},"author":1,"featured_media":194506,"comment_status":"closed","ping_status":"closed","sticky":false,"template":"","format":"standard","meta":{"footnotes":"","jetpack_publicize_message":"","jetpack_publicize_feature_enabled":true,"jetpack_social_post_already_shared":true,"jetpack_social_options":{"image_generator_settings":{"template":"highway","default_image_id":0,"font":"","enabled":false},"version":2}},"categories":[17],"tags":[],"class_list":["post-194505","post","type-post","status-publish","format-standard","has-post-thumbnail","hentry","category-ciudadvictoria"],"jetpack_publicize_connections":[],"_links":{"self":[{"href":"https:\/\/www.buroperiodistico.com.mx\/index.php?rest_route=\/wp\/v2\/posts\/194505","targetHints":{"allow":["GET"]}}],"collection":[{"href":"https:\/\/www.buroperiodistico.com.mx\/index.php?rest_route=\/wp\/v2\/posts"}],"about":[{"href":"https:\/\/www.buroperiodistico.com.mx\/index.php?rest_route=\/wp\/v2\/types\/post"}],"author":[{"embeddable":true,"href":"https:\/\/www.buroperiodistico.com.mx\/index.php?rest_route=\/wp\/v2\/users\/1"}],"replies":[{"embeddable":true,"href":"https:\/\/www.buroperiodistico.com.mx\/index.php?rest_route=%2Fwp%2Fv2%2Fcomments&post=194505"}],"version-history":[{"count":1,"href":"https:\/\/www.buroperiodistico.com.mx\/index.php?rest_route=\/wp\/v2\/posts\/194505\/revisions"}],"predecessor-version":[{"id":194510,"href":"https:\/\/www.buroperiodistico.com.mx\/index.php?rest_route=\/wp\/v2\/posts\/194505\/revisions\/194510"}],"wp:featuredmedia":[{"embeddable":true,"href":"https:\/\/www.buroperiodistico.com.mx\/index.php?rest_route=\/wp\/v2\/media\/194506"}],"wp:attachment":[{"href":"https:\/\/www.buroperiodistico.com.mx\/index.php?rest_route=%2Fwp%2Fv2%2Fmedia&parent=194505"}],"wp:term":[{"taxonomy":"category","embeddable":true,"href":"https:\/\/www.buroperiodistico.com.mx\/index.php?rest_route=%2Fwp%2Fv2%2Fcategories&post=194505"},{"taxonomy":"post_tag","embeddable":true,"href":"https:\/\/www.buroperiodistico.com.mx\/index.php?rest_route=%2Fwp%2Fv2%2Ftags&post=194505"}],"curies":[{"name":"wp","href":"https:\/\/api.w.org\/{rel}","templated":true}]}}