{"id":194500,"date":"2026-01-05T16:45:16","date_gmt":"2026-01-05T22:45:16","guid":{"rendered":"https:\/\/www.buroperiodistico.com.mx\/?p=194500"},"modified":"2026-01-05T16:45:16","modified_gmt":"2026-01-05T22:45:16","slug":"consolida-ut-matamoros-cooperacion-academica-y-productiva-binacional","status":"publish","type":"post","link":"https:\/\/www.buroperiodistico.com.mx\/?p=194500","title":{"rendered":"Consolida UT Matamoros cooperaci\u00f3n acad\u00e9mica y productiva binacional"},"content":{"rendered":"<p><em><strong><img loading=\"lazy\" decoding=\"async\" class=\" wp-image-194503 alignright\" src=\"https:\/\/www.buroperiodistico.com.mx\/wp-content\/uploads\/2026\/01\/UTMbinacional.jpeg\" alt=\"\" width=\"455\" height=\"282\" srcset=\"https:\/\/www.buroperiodistico.com.mx\/wp-content\/uploads\/2026\/01\/UTMbinacional.jpeg 1024w, https:\/\/www.buroperiodistico.com.mx\/wp-content\/uploads\/2026\/01\/UTMbinacional-300x186.jpeg 300w, https:\/\/www.buroperiodistico.com.mx\/wp-content\/uploads\/2026\/01\/UTMbinacional-768x476.jpeg 768w\" sizes=\"auto, (max-width: 455px) 100vw, 455px\" \/>Matamoros, Tamaulipas (5-Enero-2026).-<\/strong><\/em> Con el prop\u00f3sito de fortalecer los lazos de colaboraci\u00f3n acad\u00e9mica, tecnol\u00f3gica y productiva entre Matamoros y Brownsville, directivos de la Universidad Tecnol\u00f3gica de Matamoros (UTM) sostuvieron una reuni\u00f3n de trabajo con el mayor (alcalde) de Brownsville, John Cowen Jr.; el vicepresidente de Desarrollo Econ\u00f3mico, Jerry Briones Sr.; y miembros de su equipo.<\/p>\n<p>Diana Masso Quintana, rectora de la universidad, inform\u00f3 que durante el encuentro estuvo acompa\u00f1ada por los campeones internacionales de rob\u00f3tica, quienes compartieron sus logros y experiencias como ejemplo del talento que la instituci\u00f3n impulsa en \u00e1reas STEM (ciencia, tecnolog\u00eda, ingenier\u00eda y matem\u00e1ticas, por sus siglas en ingl\u00e9s).<\/p>\n<p>Comparti\u00f3 que la reuni\u00f3n abord\u00f3 oportunidades de vinculaci\u00f3n con universidades de la regi\u00f3n y empresas del sector productivo, con la idea de detonar proyectos conjuntos en dichas \u00e1reas, as\u00ed como generar espacios de movilidad acad\u00e9mica, aprendizaje pr\u00e1ctico y desarrollo profesional en un entorno binacional.<\/p>\n<p>Reafirm\u00f3 el compromiso de la Universidad Tecnol\u00f3gica de Matamoros con la creaci\u00f3n de alianzas estrat\u00e9gicas que fortalezcan la innovaci\u00f3n, la formaci\u00f3n especializada y el crecimiento econ\u00f3mico compartido entre M\u00e9xico y Estados Unidos.<\/p>\n<p>Destac\u00f3 que estas acciones se alinean con la visi\u00f3n del gobernador del Estado, Am\u00e9rico Villarreal Anaya, y del secretario de Educaci\u00f3n, Miguel \u00c1ngel Valdez Garc\u00eda, quienes promueven una educaci\u00f3n tecnol\u00f3gica pertinente, competitiva y estrechamente vinculada al desarrollo fronterizo.<\/p>\n<p><img loading=\"lazy\" decoding=\"async\" class=\"aligncenter size-full wp-image-194501\" src=\"https:\/\/www.buroperiodistico.com.mx\/wp-content\/uploads\/2026\/01\/UTMbinacional-I.jpeg\" alt=\"\" width=\"640\" height=\"427\" srcset=\"https:\/\/www.buroperiodistico.com.mx\/wp-content\/uploads\/2026\/01\/UTMbinacional-I.jpeg 640w, https:\/\/www.buroperiodistico.com.mx\/wp-content\/uploads\/2026\/01\/UTMbinacional-I-300x200.jpeg 300w\" sizes=\"auto, (max-width: 640px) 100vw, 640px\" \/> <img loading=\"lazy\" decoding=\"async\" class=\"aligncenter size-full wp-image-194502\" src=\"https:\/\/www.buroperiodistico.com.mx\/wp-content\/uploads\/2026\/01\/UTMbinacional-II.jpeg\" alt=\"\" width=\"587\" height=\"480\" srcset=\"https:\/\/www.buroperiodistico.com.mx\/wp-content\/uploads\/2026\/01\/UTMbinacional-II.jpeg 587w, https:\/\/www.buroperiodistico.com.mx\/wp-content\/uploads\/2026\/01\/UTMbinacional-II-300x245.jpeg 300w\" sizes=\"auto, (max-width: 587px) 100vw, 587px\" \/><\/p>\n","protected":false},"excerpt":{"rendered":"<p>Matamoros, Tamaulipas (5-Enero-2026).- Con el prop\u00f3sito de fortalecer los lazos de colaboraci\u00f3n acad\u00e9mica, tecnol\u00f3gica y&#8230;<\/p>\n","protected":false},"author":1,"featured_media":194503,"comment_status":"closed","ping_status":"closed","sticky":false,"template":"","format":"standard","meta":{"footnotes":"","jetpack_publicize_message":"","jetpack_publicize_feature_enabled":true,"jetpack_social_post_already_shared":true,"jetpack_social_options":{"image_generator_settings":{"template":"highway","default_image_id":0,"font":"","enabled":false},"version":2}},"categories":[10],"tags":[],"class_list":["post-194500","post","type-post","status-publish","format-standard","has-post-thumbnail","hentry","category-tamaulipas"],"jetpack_publicize_connections":[],"_links":{"self":[{"href":"https:\/\/www.buroperiodistico.com.mx\/index.php?rest_route=\/wp\/v2\/posts\/194500","targetHints":{"allow":["GET"]}}],"collection":[{"href":"https:\/\/www.buroperiodistico.com.mx\/index.php?rest_route=\/wp\/v2\/posts"}],"about":[{"href":"https:\/\/www.buroperiodistico.com.mx\/index.php?rest_route=\/wp\/v2\/types\/post"}],"author":[{"embeddable":true,"href":"https:\/\/www.buroperiodistico.com.mx\/index.php?rest_route=\/wp\/v2\/users\/1"}],"replies":[{"embeddable":true,"href":"https:\/\/www.buroperiodistico.com.mx\/index.php?rest_route=%2Fwp%2Fv2%2Fcomments&post=194500"}],"version-history":[{"count":1,"href":"https:\/\/www.buroperiodistico.com.mx\/index.php?rest_route=\/wp\/v2\/posts\/194500\/revisions"}],"predecessor-version":[{"id":194504,"href":"https:\/\/www.buroperiodistico.com.mx\/index.php?rest_route=\/wp\/v2\/posts\/194500\/revisions\/194504"}],"wp:featuredmedia":[{"embeddable":true,"href":"https:\/\/www.buroperiodistico.com.mx\/index.php?rest_route=\/wp\/v2\/media\/194503"}],"wp:attachment":[{"href":"https:\/\/www.buroperiodistico.com.mx\/index.php?rest_route=%2Fwp%2Fv2%2Fmedia&parent=194500"}],"wp:term":[{"taxonomy":"category","embeddable":true,"href":"https:\/\/www.buroperiodistico.com.mx\/index.php?rest_route=%2Fwp%2Fv2%2Fcategories&post=194500"},{"taxonomy":"post_tag","embeddable":true,"href":"https:\/\/www.buroperiodistico.com.mx\/index.php?rest_route=%2Fwp%2Fv2%2Ftags&post=194500"}],"curies":[{"name":"wp","href":"https:\/\/api.w.org\/{rel}","templated":true}]}}