{"id":194495,"date":"2026-01-05T16:40:17","date_gmt":"2026-01-05T22:40:17","guid":{"rendered":"https:\/\/www.buroperiodistico.com.mx\/?p=194495"},"modified":"2026-01-05T16:40:17","modified_gmt":"2026-01-05T22:40:17","slug":"carretera-mante-tula-entra-en-su-recta-final-con-95-de-avance","status":"publish","type":"post","link":"https:\/\/www.buroperiodistico.com.mx\/?p=194495","title":{"rendered":"Carretera Mante\u2013Tula entra en su recta final con 95 % de avance"},"content":{"rendered":"<p><em><strong><img loading=\"lazy\" decoding=\"async\" class=\" wp-image-194498 alignright\" src=\"https:\/\/www.buroperiodistico.com.mx\/wp-content\/uploads\/2026\/01\/SOPavance.jpeg\" alt=\"\" width=\"472\" height=\"283\" srcset=\"https:\/\/www.buroperiodistico.com.mx\/wp-content\/uploads\/2026\/01\/SOPavance.jpeg 1024w, https:\/\/www.buroperiodistico.com.mx\/wp-content\/uploads\/2026\/01\/SOPavance-300x180.jpeg 300w, https:\/\/www.buroperiodistico.com.mx\/wp-content\/uploads\/2026\/01\/SOPavance-768x461.jpeg 768w\" sizes=\"auto, (max-width: 472px) 100vw, 472px\" \/>Ciudad Victoria Tamaulipas (5-Enero-2026).-<\/strong><\/em> Gracias a la visi\u00f3n y compromiso del gobernador de estado, Am\u00e9rico Villarreal Anaya, la construcci\u00f3n de la carretera Mante-Tula registra un avance del 95 por ciento y se encuentra en su \u00faltima etapa de ejecuci\u00f3n, consolid\u00e1ndose como una obra estrat\u00e9gica para la conectividad y el desarrollo regional.<\/p>\n<p>El scretario de Obras P\u00fablicas (SOP), Pedro Cepeda destac\u00f3 que este importante proyecto de infraestructura mejorar\u00e1 significativamente la movilidad en la regi\u00f3n, al reducir los tiempos de traslado y fortalecer las actividades econ\u00f3micas, comerciales y sociales en esta zona de Tamaulipas.<\/p>\n<p>\u201cEstamos pr\u00e1cticamente en la \u00faltima fase. Con los trabajos del \u00faltimo tramo carretero se concluir\u00e1 al cien por ciento, al realizar la limpieza de banquetas e instalaci\u00f3n de drenes pluviales\u201d, subray\u00f3 el secretario.<\/p>\n<p>Agreg\u00f3 que la actual administraci\u00f3n estatal reitera su compromiso de concluir la obra conforme a los est\u00e1ndares de calidad establecidos, para que pr\u00f3ximamente pueda ser puesta en operaci\u00f3n en beneficio de la poblaci\u00f3n.<\/p>\n<p><img loading=\"lazy\" decoding=\"async\" class=\"aligncenter size-full wp-image-194496\" src=\"https:\/\/www.buroperiodistico.com.mx\/wp-content\/uploads\/2026\/01\/SOPavance-I.jpeg\" alt=\"\" width=\"640\" height=\"360\" srcset=\"https:\/\/www.buroperiodistico.com.mx\/wp-content\/uploads\/2026\/01\/SOPavance-I.jpeg 640w, https:\/\/www.buroperiodistico.com.mx\/wp-content\/uploads\/2026\/01\/SOPavance-I-300x169.jpeg 300w\" sizes=\"auto, (max-width: 640px) 100vw, 640px\" \/> <img loading=\"lazy\" decoding=\"async\" class=\"aligncenter size-full wp-image-194497\" src=\"https:\/\/www.buroperiodistico.com.mx\/wp-content\/uploads\/2026\/01\/SOPavance-II.jpeg\" alt=\"\" width=\"640\" height=\"360\" srcset=\"https:\/\/www.buroperiodistico.com.mx\/wp-content\/uploads\/2026\/01\/SOPavance-II.jpeg 640w, https:\/\/www.buroperiodistico.com.mx\/wp-content\/uploads\/2026\/01\/SOPavance-II-300x169.jpeg 300w\" sizes=\"auto, (max-width: 640px) 100vw, 640px\" \/><\/p>\n","protected":false},"excerpt":{"rendered":"<p>Ciudad Victoria Tamaulipas (5-Enero-2026).- Gracias a la visi\u00f3n y compromiso del gobernador de estado, Am\u00e9rico&#8230;<\/p>\n","protected":false},"author":1,"featured_media":194498,"comment_status":"closed","ping_status":"closed","sticky":false,"template":"","format":"standard","meta":{"footnotes":"","jetpack_publicize_message":"","jetpack_publicize_feature_enabled":true,"jetpack_social_post_already_shared":true,"jetpack_social_options":{"image_generator_settings":{"template":"highway","default_image_id":0,"font":"","enabled":false},"version":2}},"categories":[10],"tags":[],"class_list":["post-194495","post","type-post","status-publish","format-standard","has-post-thumbnail","hentry","category-tamaulipas"],"jetpack_publicize_connections":[],"_links":{"self":[{"href":"https:\/\/www.buroperiodistico.com.mx\/index.php?rest_route=\/wp\/v2\/posts\/194495","targetHints":{"allow":["GET"]}}],"collection":[{"href":"https:\/\/www.buroperiodistico.com.mx\/index.php?rest_route=\/wp\/v2\/posts"}],"about":[{"href":"https:\/\/www.buroperiodistico.com.mx\/index.php?rest_route=\/wp\/v2\/types\/post"}],"author":[{"embeddable":true,"href":"https:\/\/www.buroperiodistico.com.mx\/index.php?rest_route=\/wp\/v2\/users\/1"}],"replies":[{"embeddable":true,"href":"https:\/\/www.buroperiodistico.com.mx\/index.php?rest_route=%2Fwp%2Fv2%2Fcomments&post=194495"}],"version-history":[{"count":1,"href":"https:\/\/www.buroperiodistico.com.mx\/index.php?rest_route=\/wp\/v2\/posts\/194495\/revisions"}],"predecessor-version":[{"id":194499,"href":"https:\/\/www.buroperiodistico.com.mx\/index.php?rest_route=\/wp\/v2\/posts\/194495\/revisions\/194499"}],"wp:featuredmedia":[{"embeddable":true,"href":"https:\/\/www.buroperiodistico.com.mx\/index.php?rest_route=\/wp\/v2\/media\/194498"}],"wp:attachment":[{"href":"https:\/\/www.buroperiodistico.com.mx\/index.php?rest_route=%2Fwp%2Fv2%2Fmedia&parent=194495"}],"wp:term":[{"taxonomy":"category","embeddable":true,"href":"https:\/\/www.buroperiodistico.com.mx\/index.php?rest_route=%2Fwp%2Fv2%2Fcategories&post=194495"},{"taxonomy":"post_tag","embeddable":true,"href":"https:\/\/www.buroperiodistico.com.mx\/index.php?rest_route=%2Fwp%2Fv2%2Ftags&post=194495"}],"curies":[{"name":"wp","href":"https:\/\/api.w.org\/{rel}","templated":true}]}}