{"id":194486,"date":"2026-01-05T16:28:55","date_gmt":"2026-01-05T22:28:55","guid":{"rendered":"https:\/\/www.buroperiodistico.com.mx\/?p=194486"},"modified":"2026-01-05T16:28:55","modified_gmt":"2026-01-05T22:28:55","slug":"en-2026-la-uat-continuara-con-su-crecimiento-damaso-anaya","status":"publish","type":"post","link":"https:\/\/www.buroperiodistico.com.mx\/?p=194486","title":{"rendered":"En 2026 la UAT continuar\u00e1 con su crecimiento: D\u00e1maso Anaya"},"content":{"rendered":"<p><strong><em><img loading=\"lazy\" decoding=\"async\" class=\" wp-image-194490 alignright\" src=\"https:\/\/www.buroperiodistico.com.mx\/wp-content\/uploads\/2026\/01\/UATx.jpeg\" alt=\"\" width=\"488\" height=\"308\" srcset=\"https:\/\/www.buroperiodistico.com.mx\/wp-content\/uploads\/2026\/01\/UATx.jpeg 1024w, https:\/\/www.buroperiodistico.com.mx\/wp-content\/uploads\/2026\/01\/UATx-300x190.jpeg 300w, https:\/\/www.buroperiodistico.com.mx\/wp-content\/uploads\/2026\/01\/UATx-768x485.jpeg 768w\" sizes=\"auto, (max-width: 488px) 100vw, 488px\" \/>Ciudad Victoria, Tam (5-Enero-2026).-<\/em><\/strong> En el inicio de las actividades administrativas de la Universidad Aut\u00f3noma de Tamaulipas (UAT), el rector D\u00e1maso Anaya Alvarado realiz\u00f3, este lunes 5 de enero, un recorrido por diversas \u00e1reas del Campus Victoria.<\/p>\n<p>El rector D\u00e1maso Anaya visit\u00f3 distintas direcciones, secretar\u00edas y \u00e1reas operativas de la administraci\u00f3n central, donde salud\u00f3 al personal universitario y constat\u00f3 la reanudaci\u00f3n de las funciones y procesos internos previo al arranque del ciclo escolar 2026-I de esta casa de estudios.<\/p>\n<p>A lo largo del recorrido, D\u00e1maso Anaya sostuvo un di\u00e1logo cercano con el personal administrativo, destacando su relevancia en el funcionamiento de la Universidad, y reconoci\u00f3 su compromiso para contribuir al cumplimiento de las metas institucionales.<\/p>\n<p>Destac\u00f3 el prop\u00f3sito de desearles a los universitarios un excelente 2026, subrayando que este inicio de actividades representa una etapa para redoblar esfuerzos, fortalecer el trabajo coordinado entre las distintas \u00e1reas y avanzar en los objetivos planteados para el crecimiento y mejora continua de la instituci\u00f3n.<\/p>\n<p>Record\u00f3 que este d\u00eda tambi\u00e9n es el inicio del periodo de inscripciones en las diferentes escuelas, facultades y unidades acad\u00e9micas, luego de mencionar que el pr\u00f3ximo 19 de enero se pondr\u00e1n en marcha las clases en la UAT.<\/p>\n<p>Puntualiz\u00f3 que este a\u00f1o se seguir\u00e1 trabajando en fortalecer la academia, el posgrado y la investigaci\u00f3n, as\u00ed como sus procesos administrativos, con miras a ofrecer mejores servicios educativos a la comunidad tamaulipeca, y continuar siendo la mejor opci\u00f3n de estudios de nivel superior en la entidad.<\/p>\n<p><img loading=\"lazy\" decoding=\"async\" class=\"aligncenter size-full wp-image-194487\" src=\"https:\/\/www.buroperiodistico.com.mx\/wp-content\/uploads\/2026\/01\/UATx-I.jpeg\" alt=\"\" width=\"640\" height=\"427\" srcset=\"https:\/\/www.buroperiodistico.com.mx\/wp-content\/uploads\/2026\/01\/UATx-I.jpeg 640w, https:\/\/www.buroperiodistico.com.mx\/wp-content\/uploads\/2026\/01\/UATx-I-300x200.jpeg 300w\" sizes=\"auto, (max-width: 640px) 100vw, 640px\" \/> <img loading=\"lazy\" decoding=\"async\" class=\"aligncenter size-full wp-image-194489\" src=\"https:\/\/www.buroperiodistico.com.mx\/wp-content\/uploads\/2026\/01\/UATx-III.jpeg\" alt=\"\" width=\"640\" height=\"427\" srcset=\"https:\/\/www.buroperiodistico.com.mx\/wp-content\/uploads\/2026\/01\/UATx-III.jpeg 640w, https:\/\/www.buroperiodistico.com.mx\/wp-content\/uploads\/2026\/01\/UATx-III-300x200.jpeg 300w\" sizes=\"auto, (max-width: 640px) 100vw, 640px\" \/> <img loading=\"lazy\" decoding=\"async\" class=\"aligncenter size-full wp-image-194488\" src=\"https:\/\/www.buroperiodistico.com.mx\/wp-content\/uploads\/2026\/01\/UATx-II.jpeg\" alt=\"\" width=\"640\" height=\"427\" srcset=\"https:\/\/www.buroperiodistico.com.mx\/wp-content\/uploads\/2026\/01\/UATx-II.jpeg 640w, https:\/\/www.buroperiodistico.com.mx\/wp-content\/uploads\/2026\/01\/UATx-II-300x200.jpeg 300w\" sizes=\"auto, (max-width: 640px) 100vw, 640px\" \/><\/p>\n","protected":false},"excerpt":{"rendered":"<p>Ciudad Victoria, Tam (5-Enero-2026).- En el inicio de las actividades administrativas de la Universidad Aut\u00f3noma&#8230;<\/p>\n","protected":false},"author":1,"featured_media":194490,"comment_status":"closed","ping_status":"closed","sticky":false,"template":"","format":"standard","meta":{"footnotes":"","jetpack_publicize_message":"","jetpack_publicize_feature_enabled":true,"jetpack_social_post_already_shared":true,"jetpack_social_options":{"image_generator_settings":{"template":"highway","default_image_id":0,"font":"","enabled":false},"version":2}},"categories":[25,28],"tags":[],"class_list":["post-194486","post","type-post","status-publish","format-standard","has-post-thumbnail","hentry","category-portada","category-uat"],"jetpack_publicize_connections":[],"_links":{"self":[{"href":"https:\/\/www.buroperiodistico.com.mx\/index.php?rest_route=\/wp\/v2\/posts\/194486","targetHints":{"allow":["GET"]}}],"collection":[{"href":"https:\/\/www.buroperiodistico.com.mx\/index.php?rest_route=\/wp\/v2\/posts"}],"about":[{"href":"https:\/\/www.buroperiodistico.com.mx\/index.php?rest_route=\/wp\/v2\/types\/post"}],"author":[{"embeddable":true,"href":"https:\/\/www.buroperiodistico.com.mx\/index.php?rest_route=\/wp\/v2\/users\/1"}],"replies":[{"embeddable":true,"href":"https:\/\/www.buroperiodistico.com.mx\/index.php?rest_route=%2Fwp%2Fv2%2Fcomments&post=194486"}],"version-history":[{"count":1,"href":"https:\/\/www.buroperiodistico.com.mx\/index.php?rest_route=\/wp\/v2\/posts\/194486\/revisions"}],"predecessor-version":[{"id":194491,"href":"https:\/\/www.buroperiodistico.com.mx\/index.php?rest_route=\/wp\/v2\/posts\/194486\/revisions\/194491"}],"wp:featuredmedia":[{"embeddable":true,"href":"https:\/\/www.buroperiodistico.com.mx\/index.php?rest_route=\/wp\/v2\/media\/194490"}],"wp:attachment":[{"href":"https:\/\/www.buroperiodistico.com.mx\/index.php?rest_route=%2Fwp%2Fv2%2Fmedia&parent=194486"}],"wp:term":[{"taxonomy":"category","embeddable":true,"href":"https:\/\/www.buroperiodistico.com.mx\/index.php?rest_route=%2Fwp%2Fv2%2Fcategories&post=194486"},{"taxonomy":"post_tag","embeddable":true,"href":"https:\/\/www.buroperiodistico.com.mx\/index.php?rest_route=%2Fwp%2Fv2%2Ftags&post=194486"}],"curies":[{"name":"wp","href":"https:\/\/api.w.org\/{rel}","templated":true}]}}