{"id":194460,"date":"2026-01-05T14:35:24","date_gmt":"2026-01-05T20:35:24","guid":{"rendered":"https:\/\/www.buroperiodistico.com.mx\/?p=194460"},"modified":"2026-01-05T14:35:24","modified_gmt":"2026-01-05T20:35:24","slug":"boletos-agotados-para-el-festival-del-dia-de-reyes-magos-en-el-polyforum-la-fe","status":"publish","type":"post","link":"https:\/\/www.buroperiodistico.com.mx\/?p=194460","title":{"rendered":"BOLETOS AGOTADOS PARA EL FESTIVAL DEL D\u00cdA DE REYES MAGOS EN EL POLYFORUM LA FE"},"content":{"rendered":"<p dir=\"ltr\"><em><strong><img loading=\"lazy\" decoding=\"async\" class=\" wp-image-194463 alignright\" src=\"https:\/\/www.buroperiodistico.com.mx\/wp-content\/uploads\/2026\/01\/DIF-BOLETOS-FESTIVAL-REYES.jpg\" alt=\"\" width=\"510\" height=\"314\" srcset=\"https:\/\/www.buroperiodistico.com.mx\/wp-content\/uploads\/2026\/01\/DIF-BOLETOS-FESTIVAL-REYES.jpg 1024w, https:\/\/www.buroperiodistico.com.mx\/wp-content\/uploads\/2026\/01\/DIF-BOLETOS-FESTIVAL-REYES-300x185.jpg 300w, https:\/\/www.buroperiodistico.com.mx\/wp-content\/uploads\/2026\/01\/DIF-BOLETOS-FESTIVAL-REYES-768x473.jpg 768w\" sizes=\"auto, (max-width: 510px) 100vw, 510px\" \/>Nuevo Laredo, Tam (5-Enero-2026).-<\/strong><\/em>\u00a0El Gobierno Municipal y el Sistema DIF Nuevo Laredo informan a la ciudadan\u00eda que los boletos para el Festival del D\u00eda de Reyes Magos se encuentran totalmente agotados, gracias a la excelente respuesta de las familias neolaredenses.<\/p>\n<p dir=\"ltr\">Se recuerda a las personas que ya cuentan con su boleto; que el evento se llevar\u00e1 a cabo este martes 6 de enero en el Polyforum La Fe, con apertura de puertas a las 10:00 de la ma\u00f1ana y arranque oficial del festival a las 11:00 a.m.<\/p>\n<p dir=\"ltr\">Asimismo, se hace un atento llamado a la poblaci\u00f3n a no comprar boletos, ya que est\u00e1 estrictamente prohibida la venta o reventa, dado que se trata de un evento completamente gratuito.<\/p>\n<p dir=\"ltr\">El Gobierno Municipal y el Sistema DIF agradecen la comprensi\u00f3n y colaboraci\u00f3n de la ciudadan\u00eda, y reiteran su compromiso de brindar espacios seguros, familiares y llenos de alegr\u00eda para la ni\u00f1ez de Nuevo Laredo.<\/p>\n<p dir=\"ltr\"><img loading=\"lazy\" decoding=\"async\" class=\"aligncenter size-full wp-image-194461\" src=\"https:\/\/www.buroperiodistico.com.mx\/wp-content\/uploads\/2026\/01\/DIF-BOLETOS-FESTIVAL-REYES-I.jpg\" alt=\"\" width=\"640\" height=\"427\" srcset=\"https:\/\/www.buroperiodistico.com.mx\/wp-content\/uploads\/2026\/01\/DIF-BOLETOS-FESTIVAL-REYES-I.jpg 640w, https:\/\/www.buroperiodistico.com.mx\/wp-content\/uploads\/2026\/01\/DIF-BOLETOS-FESTIVAL-REYES-I-300x200.jpg 300w\" sizes=\"auto, (max-width: 640px) 100vw, 640px\" \/> <img loading=\"lazy\" decoding=\"async\" class=\"aligncenter size-full wp-image-194462\" src=\"https:\/\/www.buroperiodistico.com.mx\/wp-content\/uploads\/2026\/01\/DIF-BOLETOS-FESTIVAL-REYES-II.jpg\" alt=\"\" width=\"640\" height=\"427\" srcset=\"https:\/\/www.buroperiodistico.com.mx\/wp-content\/uploads\/2026\/01\/DIF-BOLETOS-FESTIVAL-REYES-II.jpg 640w, https:\/\/www.buroperiodistico.com.mx\/wp-content\/uploads\/2026\/01\/DIF-BOLETOS-FESTIVAL-REYES-II-300x200.jpg 300w\" sizes=\"auto, (max-width: 640px) 100vw, 640px\" \/><\/p>\n","protected":false},"excerpt":{"rendered":"<p>Nuevo Laredo, Tam (5-Enero-2026).-\u00a0El Gobierno Municipal y el Sistema DIF Nuevo Laredo informan a la&#8230;<\/p>\n","protected":false},"author":1,"featured_media":194463,"comment_status":"closed","ping_status":"closed","sticky":false,"template":"","format":"standard","meta":{"footnotes":"","jetpack_publicize_message":"","jetpack_publicize_feature_enabled":true,"jetpack_social_post_already_shared":true,"jetpack_social_options":{"image_generator_settings":{"template":"highway","default_image_id":0,"font":"","enabled":false},"version":2}},"categories":[16],"tags":[],"class_list":["post-194460","post","type-post","status-publish","format-standard","has-post-thumbnail","hentry","category-nuevolaredo"],"jetpack_publicize_connections":[],"_links":{"self":[{"href":"https:\/\/www.buroperiodistico.com.mx\/index.php?rest_route=\/wp\/v2\/posts\/194460","targetHints":{"allow":["GET"]}}],"collection":[{"href":"https:\/\/www.buroperiodistico.com.mx\/index.php?rest_route=\/wp\/v2\/posts"}],"about":[{"href":"https:\/\/www.buroperiodistico.com.mx\/index.php?rest_route=\/wp\/v2\/types\/post"}],"author":[{"embeddable":true,"href":"https:\/\/www.buroperiodistico.com.mx\/index.php?rest_route=\/wp\/v2\/users\/1"}],"replies":[{"embeddable":true,"href":"https:\/\/www.buroperiodistico.com.mx\/index.php?rest_route=%2Fwp%2Fv2%2Fcomments&post=194460"}],"version-history":[{"count":1,"href":"https:\/\/www.buroperiodistico.com.mx\/index.php?rest_route=\/wp\/v2\/posts\/194460\/revisions"}],"predecessor-version":[{"id":194464,"href":"https:\/\/www.buroperiodistico.com.mx\/index.php?rest_route=\/wp\/v2\/posts\/194460\/revisions\/194464"}],"wp:featuredmedia":[{"embeddable":true,"href":"https:\/\/www.buroperiodistico.com.mx\/index.php?rest_route=\/wp\/v2\/media\/194463"}],"wp:attachment":[{"href":"https:\/\/www.buroperiodistico.com.mx\/index.php?rest_route=%2Fwp%2Fv2%2Fmedia&parent=194460"}],"wp:term":[{"taxonomy":"category","embeddable":true,"href":"https:\/\/www.buroperiodistico.com.mx\/index.php?rest_route=%2Fwp%2Fv2%2Fcategories&post=194460"},{"taxonomy":"post_tag","embeddable":true,"href":"https:\/\/www.buroperiodistico.com.mx\/index.php?rest_route=%2Fwp%2Fv2%2Ftags&post=194460"}],"curies":[{"name":"wp","href":"https:\/\/api.w.org\/{rel}","templated":true}]}}