{"id":194457,"date":"2026-01-05T14:32:02","date_gmt":"2026-01-05T20:32:02","guid":{"rendered":"https:\/\/www.buroperiodistico.com.mx\/?p=194457"},"modified":"2026-01-05T14:32:02","modified_gmt":"2026-01-05T20:32:02","slug":"refuerzan-vigilancia-para-garantizar-pago-del-nuevo-salario-minimo-en-tamaulipas","status":"publish","type":"post","link":"https:\/\/www.buroperiodistico.com.mx\/?p=194457","title":{"rendered":"Refuerzan vigilancia para garantizar pago del nuevo salario m\u00ednimo en Tamaulipas"},"content":{"rendered":"<p><em><strong><img loading=\"lazy\" decoding=\"async\" class=\" wp-image-194458 alignright\" src=\"https:\/\/www.buroperiodistico.com.mx\/wp-content\/uploads\/2026\/01\/STRTamaulipas.jpeg\" alt=\"\" width=\"409\" height=\"270\" srcset=\"https:\/\/www.buroperiodistico.com.mx\/wp-content\/uploads\/2026\/01\/STRTamaulipas.jpeg 1024w, https:\/\/www.buroperiodistico.com.mx\/wp-content\/uploads\/2026\/01\/STRTamaulipas-300x198.jpeg 300w, https:\/\/www.buroperiodistico.com.mx\/wp-content\/uploads\/2026\/01\/STRTamaulipas-768x507.jpeg 768w, https:\/\/www.buroperiodistico.com.mx\/wp-content\/uploads\/2026\/01\/STRTamaulipas-720x475.jpeg 720w\" sizes=\"auto, (max-width: 409px) 100vw, 409px\" \/>Ciudad Victoria, Tamaulipas (5-Enero-2026).-<\/strong><\/em> El secretario del Trabajo y Previsi\u00f3n Social de Tamaulipas, Luis Gerardo Illoldi Reyes, anunci\u00f3 que desde el 1 de enero, se mantiene una vigilancia especial y permanente para asegurar que el incremento hist\u00f3rico al salario m\u00ednimo se refleje de manera efectiva en los centros de trabajo de la entidad.<\/p>\n<p>Explic\u00f3 que el ajuste salarial aprobado a nivel nacional contempla un aumento del 13 por ciento en el resto del pa\u00eds y del 5 por ciento en la zona fronteriza, lo que se traduce en un salario diario de 315 pesos y 440 pesos respectivamente.<\/p>\n<p>Subray\u00f3 que esta medida representa un avance directo en el ingreso de las familias trabajadoras y en el fortalecimiento del poder adquisitivo.<\/p>\n<p>Illoldi Reyes puntualiz\u00f3 que, para garantizar el cumplimiento de esta disposici\u00f3n, la Direcci\u00f3n General de Inspecci\u00f3n realizar\u00e1 visitas a empresas de manera sistem\u00e1tica, con el objetivo de verificar que las y los empleadores est\u00e9n pagando el salario m\u00ednimo conforme a la nueva tabla vigente. Asegur\u00f3 que estas acciones buscan prevenir abusos y proteger los derechos laborales de las y los trabajadores.<\/p>\n<p>Destac\u00f3 que Tamaulipas, al contar con zona fronteriza, se mantiene entre las entidades con salarios m\u00e1s competitivos del pa\u00eds, lo que obliga a reforzar los mecanismos de supervisi\u00f3n para que el beneficio llegue de forma real a quienes dependen de su trabajo diario.<\/p>\n<p>Finalmente, el titular de la STPS reiter\u00f3 que esta pol\u00edtica de vigilancia y cumplimiento forma parte del compromiso del Gobierno Humanista y de la Transformaci\u00f3n, que encabeza el gobernador Am\u00e9rico Villarreal Anaya, para garantizar empleos dignos, justicia laboral y mejores condiciones de vida para las familias tamaulipecas.<\/p>\n","protected":false},"excerpt":{"rendered":"<p>Ciudad Victoria, Tamaulipas (5-Enero-2026).- El secretario del Trabajo y Previsi\u00f3n Social de Tamaulipas, Luis Gerardo&#8230;<\/p>\n","protected":false},"author":1,"featured_media":194458,"comment_status":"closed","ping_status":"closed","sticky":false,"template":"","format":"standard","meta":{"footnotes":"","jetpack_publicize_message":"","jetpack_publicize_feature_enabled":true,"jetpack_social_post_already_shared":true,"jetpack_social_options":{"image_generator_settings":{"template":"highway","default_image_id":0,"font":"","enabled":false},"version":2}},"categories":[10],"tags":[],"class_list":["post-194457","post","type-post","status-publish","format-standard","has-post-thumbnail","hentry","category-tamaulipas"],"jetpack_publicize_connections":[],"_links":{"self":[{"href":"https:\/\/www.buroperiodistico.com.mx\/index.php?rest_route=\/wp\/v2\/posts\/194457","targetHints":{"allow":["GET"]}}],"collection":[{"href":"https:\/\/www.buroperiodistico.com.mx\/index.php?rest_route=\/wp\/v2\/posts"}],"about":[{"href":"https:\/\/www.buroperiodistico.com.mx\/index.php?rest_route=\/wp\/v2\/types\/post"}],"author":[{"embeddable":true,"href":"https:\/\/www.buroperiodistico.com.mx\/index.php?rest_route=\/wp\/v2\/users\/1"}],"replies":[{"embeddable":true,"href":"https:\/\/www.buroperiodistico.com.mx\/index.php?rest_route=%2Fwp%2Fv2%2Fcomments&post=194457"}],"version-history":[{"count":1,"href":"https:\/\/www.buroperiodistico.com.mx\/index.php?rest_route=\/wp\/v2\/posts\/194457\/revisions"}],"predecessor-version":[{"id":194459,"href":"https:\/\/www.buroperiodistico.com.mx\/index.php?rest_route=\/wp\/v2\/posts\/194457\/revisions\/194459"}],"wp:featuredmedia":[{"embeddable":true,"href":"https:\/\/www.buroperiodistico.com.mx\/index.php?rest_route=\/wp\/v2\/media\/194458"}],"wp:attachment":[{"href":"https:\/\/www.buroperiodistico.com.mx\/index.php?rest_route=%2Fwp%2Fv2%2Fmedia&parent=194457"}],"wp:term":[{"taxonomy":"category","embeddable":true,"href":"https:\/\/www.buroperiodistico.com.mx\/index.php?rest_route=%2Fwp%2Fv2%2Fcategories&post=194457"},{"taxonomy":"post_tag","embeddable":true,"href":"https:\/\/www.buroperiodistico.com.mx\/index.php?rest_route=%2Fwp%2Fv2%2Ftags&post=194457"}],"curies":[{"name":"wp","href":"https:\/\/api.w.org\/{rel}","templated":true}]}}