{"id":194424,"date":"2026-01-05T12:47:01","date_gmt":"2026-01-05T18:47:01","guid":{"rendered":"https:\/\/www.buroperiodistico.com.mx\/?p=194424"},"modified":"2026-01-05T12:47:01","modified_gmt":"2026-01-05T18:47:01","slug":"a-traves-de-los-cedif-dif-reynosa-brinda-herramientas-de-capacitacion-para-las-familias","status":"publish","type":"post","link":"https:\/\/www.buroperiodistico.com.mx\/?p=194424","title":{"rendered":"A trav\u00e9s de los CEDIF, DIF-Reynosa brinda herramientas de capacitaci\u00f3n para las familias"},"content":{"rendered":"<p><em><strong>Reynosa, Tam (5-Enero-2026).-<\/strong><\/em> El Sistema DIF-Reynosa que encabeza Carlos Luis Pe\u00f1a Garza, cuenta con 6 Centros para el Desarrollo Integral de la Familia, ubicados en distintos sectores de la ciudad, donde se brindan diversos talleres orientados al aprendizaje, la capacitaci\u00f3n y el fortalecimiento de habilidades.<\/p>\n<p>Los CEDIF Hidalgo, Jarachina, Voluntad y Trabajo, Las Torres, Campestre e Integraci\u00f3n Familiar, ofrecen talleres como Belleza, Corte y Confecci\u00f3n, Barber\u00eda, Mesa de Postres, entre otros, a fin de que las familias generen autoempleo y mejoren su econom\u00eda.<\/p>\n<p>Los interesados deben ser mayores de 15 a\u00f1os en adelante, para m\u00e1s informaci\u00f3n pueden marcar a los tel\u00e9fonos o acudir directamente a calle Adolfo L\u00f3pez Mateos 2060, en la colonia Adolfo L\u00f3pez Mateos, a partir de este mi\u00e9rcoles 7 de enero.<\/p>\n<p><img loading=\"lazy\" decoding=\"async\" class=\"aligncenter size-full wp-image-194425\" src=\"https:\/\/www.buroperiodistico.com.mx\/wp-content\/uploads\/2026\/01\/DIFx-2.jpg\" alt=\"\" width=\"1110\" height=\"600\" srcset=\"https:\/\/www.buroperiodistico.com.mx\/wp-content\/uploads\/2026\/01\/DIFx-2.jpg 1110w, https:\/\/www.buroperiodistico.com.mx\/wp-content\/uploads\/2026\/01\/DIFx-2-300x162.jpg 300w, https:\/\/www.buroperiodistico.com.mx\/wp-content\/uploads\/2026\/01\/DIFx-2-1024x554.jpg 1024w, https:\/\/www.buroperiodistico.com.mx\/wp-content\/uploads\/2026\/01\/DIFx-2-768x415.jpg 768w\" sizes=\"auto, (max-width: 1110px) 100vw, 1110px\" \/><\/p>\n","protected":false},"excerpt":{"rendered":"<p>Reynosa, Tam (5-Enero-2026).- El Sistema DIF-Reynosa que encabeza Carlos Luis Pe\u00f1a Garza, cuenta con 6&#8230;<\/p>\n","protected":false},"author":1,"featured_media":194425,"comment_status":"closed","ping_status":"closed","sticky":false,"template":"","format":"standard","meta":{"footnotes":"","jetpack_publicize_message":"","jetpack_publicize_feature_enabled":true,"jetpack_social_post_already_shared":true,"jetpack_social_options":{"image_generator_settings":{"template":"highway","default_image_id":0,"font":"","enabled":false},"version":2}},"categories":[9],"tags":[],"class_list":["post-194424","post","type-post","status-publish","format-standard","has-post-thumbnail","hentry","category-reynosa"],"jetpack_publicize_connections":[],"_links":{"self":[{"href":"https:\/\/www.buroperiodistico.com.mx\/index.php?rest_route=\/wp\/v2\/posts\/194424","targetHints":{"allow":["GET"]}}],"collection":[{"href":"https:\/\/www.buroperiodistico.com.mx\/index.php?rest_route=\/wp\/v2\/posts"}],"about":[{"href":"https:\/\/www.buroperiodistico.com.mx\/index.php?rest_route=\/wp\/v2\/types\/post"}],"author":[{"embeddable":true,"href":"https:\/\/www.buroperiodistico.com.mx\/index.php?rest_route=\/wp\/v2\/users\/1"}],"replies":[{"embeddable":true,"href":"https:\/\/www.buroperiodistico.com.mx\/index.php?rest_route=%2Fwp%2Fv2%2Fcomments&post=194424"}],"version-history":[{"count":1,"href":"https:\/\/www.buroperiodistico.com.mx\/index.php?rest_route=\/wp\/v2\/posts\/194424\/revisions"}],"predecessor-version":[{"id":194426,"href":"https:\/\/www.buroperiodistico.com.mx\/index.php?rest_route=\/wp\/v2\/posts\/194424\/revisions\/194426"}],"wp:featuredmedia":[{"embeddable":true,"href":"https:\/\/www.buroperiodistico.com.mx\/index.php?rest_route=\/wp\/v2\/media\/194425"}],"wp:attachment":[{"href":"https:\/\/www.buroperiodistico.com.mx\/index.php?rest_route=%2Fwp%2Fv2%2Fmedia&parent=194424"}],"wp:term":[{"taxonomy":"category","embeddable":true,"href":"https:\/\/www.buroperiodistico.com.mx\/index.php?rest_route=%2Fwp%2Fv2%2Fcategories&post=194424"},{"taxonomy":"post_tag","embeddable":true,"href":"https:\/\/www.buroperiodistico.com.mx\/index.php?rest_route=%2Fwp%2Fv2%2Ftags&post=194424"}],"curies":[{"name":"wp","href":"https:\/\/api.w.org\/{rel}","templated":true}]}}