{"id":194411,"date":"2026-01-04T20:22:20","date_gmt":"2026-01-05T02:22:20","guid":{"rendered":"https:\/\/www.buroperiodistico.com.mx\/?p=194411"},"modified":"2026-01-04T20:22:20","modified_gmt":"2026-01-05T02:22:20","slug":"invitan-gobierno-municipal-y-dif-nuevo-laredo-a-recoger-boletos-gratuitos-para-el-festival-del-dia-de-reyes","status":"publish","type":"post","link":"https:\/\/www.buroperiodistico.com.mx\/?p=194411","title":{"rendered":"INVITAN GOBIERNO MUNICIPAL Y DIF NUEVO LAREDO A RECOGER BOLETOS GRATUITOS PARA EL FESTIVAL DEL D\u00cdA DE REYES"},"content":{"rendered":"<p><em><strong><img loading=\"lazy\" decoding=\"async\" class=\" wp-image-194413 alignright\" src=\"https:\/\/www.buroperiodistico.com.mx\/wp-content\/uploads\/2026\/01\/DIFx-1.jpg\" alt=\"\" width=\"448\" height=\"302\" srcset=\"https:\/\/www.buroperiodistico.com.mx\/wp-content\/uploads\/2026\/01\/DIFx-1.jpg 1024w, https:\/\/www.buroperiodistico.com.mx\/wp-content\/uploads\/2026\/01\/DIFx-1-300x202.jpg 300w, https:\/\/www.buroperiodistico.com.mx\/wp-content\/uploads\/2026\/01\/DIFx-1-768x518.jpg 768w\" sizes=\"auto, (max-width: 448px) 100vw, 448px\" \/>Nuevo Laredo, Tam (4-Enero-2026).-<\/strong><\/em>\u00a0El Gobierno Municipal y el Sistema DIF Nuevo Laredo informan a la ciudadan\u00eda que este lunes 5 de enero se realizar\u00e1 la entrega de boletos gratuitos para el tradicional Festival del D\u00eda de Reyes Magos, por lo que se invita a las familias a acudir con anticipaci\u00f3n a recogerlos y asegurar su acceso al evento.<\/p>\n<div dir=\"auto\">La entrega de boletos se llevar\u00e1 a cabo en las instalaciones del Sistema DIF Nuevo Laredo, ubicadas en H\u00e9roe de Nacataz n\u00famero 2244, en el fraccionamiento Ojo Caliente, en un horario de 9:00 de la ma\u00f1ana a 3:00 de la tarde, o hasta agotar existencias. Es importante se\u00f1alar que todos los asistentes, tanto ni\u00f1as y ni\u00f1os como personas adultas, deber\u00e1n contar con boleto para ingresar al festival y se entregar\u00e1n un m\u00e1ximo de 4 boletos por familia.<\/div>\n<div dir=\"auto\"><\/div>\n<div dir=\"auto\">Los boletos son completamente gratuitos y ser\u00e1n requisito indispensable para accesar al Festival del D\u00eda de Reyes, que se celebrar\u00e1 el martes 6 de enero en el Polyforum La Fe.<\/div>\n<div dir=\"auto\"><\/div>\n<div dir=\"auto\">El Gobierno Municipal y el Sistema DIF Nuevo Laredo reiteran la invitaci\u00f3n a la ciudadan\u00eda para que participe en esta celebraci\u00f3n pensada para convivir en familia y disfrutar de una jornada llena de alegr\u00eda, espect\u00e1culos y sorpresas para la ni\u00f1ez de Nuevo Laredo.<\/div>\n<div dir=\"auto\"><\/div>\n<div dir=\"auto\"><img loading=\"lazy\" decoding=\"async\" class=\"aligncenter size-full wp-image-194412\" src=\"https:\/\/www.buroperiodistico.com.mx\/wp-content\/uploads\/2026\/01\/DIFx-i-1.jpg\" alt=\"\" width=\"640\" height=\"480\" srcset=\"https:\/\/www.buroperiodistico.com.mx\/wp-content\/uploads\/2026\/01\/DIFx-i-1.jpg 640w, https:\/\/www.buroperiodistico.com.mx\/wp-content\/uploads\/2026\/01\/DIFx-i-1-300x225.jpg 300w\" sizes=\"auto, (max-width: 640px) 100vw, 640px\" \/><\/div>\n","protected":false},"excerpt":{"rendered":"<p>Nuevo Laredo, Tam (4-Enero-2026).-\u00a0El Gobierno Municipal y el Sistema DIF Nuevo Laredo informan a la&#8230;<\/p>\n","protected":false},"author":1,"featured_media":194413,"comment_status":"closed","ping_status":"closed","sticky":false,"template":"","format":"standard","meta":{"footnotes":"","jetpack_publicize_message":"","jetpack_publicize_feature_enabled":true,"jetpack_social_post_already_shared":true,"jetpack_social_options":{"image_generator_settings":{"template":"highway","default_image_id":0,"font":"","enabled":false},"version":2}},"categories":[16],"tags":[],"class_list":["post-194411","post","type-post","status-publish","format-standard","has-post-thumbnail","hentry","category-nuevolaredo"],"jetpack_publicize_connections":[],"_links":{"self":[{"href":"https:\/\/www.buroperiodistico.com.mx\/index.php?rest_route=\/wp\/v2\/posts\/194411","targetHints":{"allow":["GET"]}}],"collection":[{"href":"https:\/\/www.buroperiodistico.com.mx\/index.php?rest_route=\/wp\/v2\/posts"}],"about":[{"href":"https:\/\/www.buroperiodistico.com.mx\/index.php?rest_route=\/wp\/v2\/types\/post"}],"author":[{"embeddable":true,"href":"https:\/\/www.buroperiodistico.com.mx\/index.php?rest_route=\/wp\/v2\/users\/1"}],"replies":[{"embeddable":true,"href":"https:\/\/www.buroperiodistico.com.mx\/index.php?rest_route=%2Fwp%2Fv2%2Fcomments&post=194411"}],"version-history":[{"count":1,"href":"https:\/\/www.buroperiodistico.com.mx\/index.php?rest_route=\/wp\/v2\/posts\/194411\/revisions"}],"predecessor-version":[{"id":194414,"href":"https:\/\/www.buroperiodistico.com.mx\/index.php?rest_route=\/wp\/v2\/posts\/194411\/revisions\/194414"}],"wp:featuredmedia":[{"embeddable":true,"href":"https:\/\/www.buroperiodistico.com.mx\/index.php?rest_route=\/wp\/v2\/media\/194413"}],"wp:attachment":[{"href":"https:\/\/www.buroperiodistico.com.mx\/index.php?rest_route=%2Fwp%2Fv2%2Fmedia&parent=194411"}],"wp:term":[{"taxonomy":"category","embeddable":true,"href":"https:\/\/www.buroperiodistico.com.mx\/index.php?rest_route=%2Fwp%2Fv2%2Fcategories&post=194411"},{"taxonomy":"post_tag","embeddable":true,"href":"https:\/\/www.buroperiodistico.com.mx\/index.php?rest_route=%2Fwp%2Fv2%2Ftags&post=194411"}],"curies":[{"name":"wp","href":"https:\/\/api.w.org\/{rel}","templated":true}]}}