{"id":194403,"date":"2026-01-04T20:09:53","date_gmt":"2026-01-05T02:09:53","guid":{"rendered":"https:\/\/www.buroperiodistico.com.mx\/?p=194403"},"modified":"2026-01-04T20:09:53","modified_gmt":"2026-01-05T02:09:53","slug":"la-uat-reanuda-labor-administrativa-y-prepara-el-inicio-del-ciclo-escolar","status":"publish","type":"post","link":"https:\/\/www.buroperiodistico.com.mx\/?p=194403","title":{"rendered":"La UAT reanuda labor administrativa y prepara el inicio del ciclo escolar"},"content":{"rendered":"<p><em><strong><img loading=\"lazy\" decoding=\"async\" class=\" wp-image-194404 alignright\" src=\"https:\/\/www.buroperiodistico.com.mx\/wp-content\/uploads\/2026\/01\/regresoz.jpg\" alt=\"\" width=\"552\" height=\"350\" srcset=\"https:\/\/www.buroperiodistico.com.mx\/wp-content\/uploads\/2026\/01\/regresoz.jpg 1024w, https:\/\/www.buroperiodistico.com.mx\/wp-content\/uploads\/2026\/01\/regresoz-300x190.jpg 300w, https:\/\/www.buroperiodistico.com.mx\/wp-content\/uploads\/2026\/01\/regresoz-768x487.jpg 768w\" sizes=\"auto, (max-width: 552px) 100vw, 552px\" \/>Ciudad Victoria, Tam (4-Enero-2026).-<\/strong> <\/em>Luego de su receso vacacional de invierno, la Universidad Aut\u00f3noma de Tamaulipas (UAT) reanuda labores este lunes 5 de enero en todas sus dependencias administrativas y acad\u00e9micas, habilitando este mismo d\u00eda el proceso de inscripciones y reinscripciones para el per\u00edodo escolar universitario 2026-1 (per\u00edodo de Primavera).<\/p>\n<p>Con el arranque del nuevo a\u00f1o, la instituci\u00f3n dar\u00e1 la bienvenida a docentes y personal universitario que retomar\u00e1n sus labores de manera regular despu\u00e9s del receso invernal.<\/p>\n<p>De acuerdo con el calendario de la UAT, el per\u00edodo de inscripciones y reinscripciones permanecer\u00e1 vigente del 5 al 16 de enero de 2026, en tanto que el inicio de clases est\u00e1 programado para el 19 del mismo mes.<\/p>\n<p>En paralelo, durante las primeras semanas del mes, se desarrollar\u00e1n los procesos administrativos correspondientes, como la entrega de actas, los tr\u00e1mites de regularizaci\u00f3n documental y la recepci\u00f3n de solicitudes de becas.<\/p>\n<p>La UAT invita a su comunidad estudiantil a revisar con anticipaci\u00f3n sus horarios, materiales y documentaci\u00f3n requerida, a fin de asegurar un regreso ordenado y puntual.<\/p>\n<p>Asimismo, se recomienda estar atentos a los avisos de cada escuela, facultad o unidad acad\u00e9mica para completar los tr\u00e1mites propios de este inicio de semestre.<\/p>\n<p>Para dudas o informaci\u00f3n adicional sobre procesos escolares, la instituci\u00f3n recuerda que estar\u00e1n disponibles los canales oficiales de atenci\u00f3n de cada plantel universitario, as\u00ed como el portal web y redes sociales oficiales de la UAT, donde se ofrecer\u00e1n actualizaciones y orientaci\u00f3n durante el arranque del per\u00edodo.<\/p>\n","protected":false},"excerpt":{"rendered":"<p>Ciudad Victoria, Tam (4-Enero-2026).- Luego de su receso vacacional de invierno, la Universidad Aut\u00f3noma de&#8230;<\/p>\n","protected":false},"author":1,"featured_media":194404,"comment_status":"closed","ping_status":"closed","sticky":false,"template":"","format":"standard","meta":{"footnotes":"","jetpack_publicize_message":"","jetpack_publicize_feature_enabled":true,"jetpack_social_post_already_shared":true,"jetpack_social_options":{"image_generator_settings":{"template":"highway","default_image_id":0,"font":"","enabled":false},"version":2}},"categories":[25,28],"tags":[],"class_list":["post-194403","post","type-post","status-publish","format-standard","has-post-thumbnail","hentry","category-portada","category-uat"],"jetpack_publicize_connections":[],"_links":{"self":[{"href":"https:\/\/www.buroperiodistico.com.mx\/index.php?rest_route=\/wp\/v2\/posts\/194403","targetHints":{"allow":["GET"]}}],"collection":[{"href":"https:\/\/www.buroperiodistico.com.mx\/index.php?rest_route=\/wp\/v2\/posts"}],"about":[{"href":"https:\/\/www.buroperiodistico.com.mx\/index.php?rest_route=\/wp\/v2\/types\/post"}],"author":[{"embeddable":true,"href":"https:\/\/www.buroperiodistico.com.mx\/index.php?rest_route=\/wp\/v2\/users\/1"}],"replies":[{"embeddable":true,"href":"https:\/\/www.buroperiodistico.com.mx\/index.php?rest_route=%2Fwp%2Fv2%2Fcomments&post=194403"}],"version-history":[{"count":1,"href":"https:\/\/www.buroperiodistico.com.mx\/index.php?rest_route=\/wp\/v2\/posts\/194403\/revisions"}],"predecessor-version":[{"id":194405,"href":"https:\/\/www.buroperiodistico.com.mx\/index.php?rest_route=\/wp\/v2\/posts\/194403\/revisions\/194405"}],"wp:featuredmedia":[{"embeddable":true,"href":"https:\/\/www.buroperiodistico.com.mx\/index.php?rest_route=\/wp\/v2\/media\/194404"}],"wp:attachment":[{"href":"https:\/\/www.buroperiodistico.com.mx\/index.php?rest_route=%2Fwp%2Fv2%2Fmedia&parent=194403"}],"wp:term":[{"taxonomy":"category","embeddable":true,"href":"https:\/\/www.buroperiodistico.com.mx\/index.php?rest_route=%2Fwp%2Fv2%2Fcategories&post=194403"},{"taxonomy":"post_tag","embeddable":true,"href":"https:\/\/www.buroperiodistico.com.mx\/index.php?rest_route=%2Fwp%2Fv2%2Ftags&post=194403"}],"curies":[{"name":"wp","href":"https:\/\/api.w.org\/{rel}","templated":true}]}}