{"id":194370,"date":"2026-01-04T11:48:08","date_gmt":"2026-01-04T17:48:08","guid":{"rendered":"https:\/\/www.buroperiodistico.com.mx\/?p=194370"},"modified":"2026-01-04T11:48:08","modified_gmt":"2026-01-04T17:48:08","slug":"guarderia-4-de-dif-reynosa-continua-brindando-apoyo-a-familias","status":"publish","type":"post","link":"https:\/\/www.buroperiodistico.com.mx\/?p=194370","title":{"rendered":"Guarder\u00eda 4 de DIF-Reynosa contin\u00faa brindando apoyo a familias"},"content":{"rendered":"<p><strong><img loading=\"lazy\" decoding=\"async\" class=\" wp-image-194371 alignright\" src=\"https:\/\/www.buroperiodistico.com.mx\/wp-content\/uploads\/2026\/01\/DIFx.jpeg\" alt=\"\" width=\"443\" height=\"290\" srcset=\"https:\/\/www.buroperiodistico.com.mx\/wp-content\/uploads\/2026\/01\/DIFx.jpeg 1024w, https:\/\/www.buroperiodistico.com.mx\/wp-content\/uploads\/2026\/01\/DIFx-300x197.jpeg 300w, https:\/\/www.buroperiodistico.com.mx\/wp-content\/uploads\/2026\/01\/DIFx-768x503.jpeg 768w\" sizes=\"auto, (max-width: 443px) 100vw, 443px\" \/>Reynosa, Tam (4-Enero-2026).-<\/strong> El Sistema DIF-Reynosa que preside Carlos Luis Pe\u00f1a Garza, atiende a las familias trabajadoras en la Guarder\u00eda n\u00famero 4, ubicada en avenida Punta Diamante sin n\u00famero, en la colonia Villas de la Joya, un espacio donde se brinda cuidado y atenci\u00f3n integral a ni\u00f1as y ni\u00f1os desde los 45 d\u00edas de nacidos y hasta los 5 a\u00f1os de edad, en un entorno seguro y adecuado para su desarrollo.<\/p>\n<p>El DIF-Reynosa invita a madres y padres de familia a acercarse y aprovechar los espacios disponibles: para mayor informaci\u00f3n, pueden comunicarse al tel\u00e9fono 8991243107 o acudir directamente a las instalaciones de la Guarder\u00eda n\u00famero 4, a partir del 7 de enero.<\/p>\n<p>Con estas acciones, el Alcalde, Carlos Pe\u00f1a Ortiz, apoya a las familias, otorgando servicios de guarder\u00edas DIF, ubicadas estrat\u00e9gicamente en diversos sectores de la ciudad.<\/p>\n","protected":false},"excerpt":{"rendered":"<p>Reynosa, Tam (4-Enero-2026).- El Sistema DIF-Reynosa que preside Carlos Luis Pe\u00f1a Garza, atiende a las&#8230;<\/p>\n","protected":false},"author":1,"featured_media":194371,"comment_status":"closed","ping_status":"closed","sticky":false,"template":"","format":"standard","meta":{"footnotes":"","jetpack_publicize_message":"","jetpack_publicize_feature_enabled":true,"jetpack_social_post_already_shared":true,"jetpack_social_options":{"image_generator_settings":{"template":"highway","default_image_id":0,"font":"","enabled":false},"version":2}},"categories":[9],"tags":[],"class_list":["post-194370","post","type-post","status-publish","format-standard","has-post-thumbnail","hentry","category-reynosa"],"jetpack_publicize_connections":[],"_links":{"self":[{"href":"https:\/\/www.buroperiodistico.com.mx\/index.php?rest_route=\/wp\/v2\/posts\/194370","targetHints":{"allow":["GET"]}}],"collection":[{"href":"https:\/\/www.buroperiodistico.com.mx\/index.php?rest_route=\/wp\/v2\/posts"}],"about":[{"href":"https:\/\/www.buroperiodistico.com.mx\/index.php?rest_route=\/wp\/v2\/types\/post"}],"author":[{"embeddable":true,"href":"https:\/\/www.buroperiodistico.com.mx\/index.php?rest_route=\/wp\/v2\/users\/1"}],"replies":[{"embeddable":true,"href":"https:\/\/www.buroperiodistico.com.mx\/index.php?rest_route=%2Fwp%2Fv2%2Fcomments&post=194370"}],"version-history":[{"count":1,"href":"https:\/\/www.buroperiodistico.com.mx\/index.php?rest_route=\/wp\/v2\/posts\/194370\/revisions"}],"predecessor-version":[{"id":194372,"href":"https:\/\/www.buroperiodistico.com.mx\/index.php?rest_route=\/wp\/v2\/posts\/194370\/revisions\/194372"}],"wp:featuredmedia":[{"embeddable":true,"href":"https:\/\/www.buroperiodistico.com.mx\/index.php?rest_route=\/wp\/v2\/media\/194371"}],"wp:attachment":[{"href":"https:\/\/www.buroperiodistico.com.mx\/index.php?rest_route=%2Fwp%2Fv2%2Fmedia&parent=194370"}],"wp:term":[{"taxonomy":"category","embeddable":true,"href":"https:\/\/www.buroperiodistico.com.mx\/index.php?rest_route=%2Fwp%2Fv2%2Fcategories&post=194370"},{"taxonomy":"post_tag","embeddable":true,"href":"https:\/\/www.buroperiodistico.com.mx\/index.php?rest_route=%2Fwp%2Fv2%2Ftags&post=194370"}],"curies":[{"name":"wp","href":"https:\/\/api.w.org\/{rel}","templated":true}]}}