{"id":194351,"date":"2026-01-03T17:37:09","date_gmt":"2026-01-03T23:37:09","guid":{"rendered":"https:\/\/www.buroperiodistico.com.mx\/?p=194351"},"modified":"2026-01-03T17:37:09","modified_gmt":"2026-01-03T23:37:09","slug":"invitan-gobierno-municipal-y-dif-nuevo-laredo-al-festival-del-dia-de-reyes-magos-con-espectaculos-familiares","status":"publish","type":"post","link":"https:\/\/www.buroperiodistico.com.mx\/?p=194351","title":{"rendered":"INVITAN GOBIERNO MUNICIPAL Y DIF NUEVO LAREDO AL FESTIVAL DEL D\u00cdA DE REYES MAGOS CON ESPECT\u00c1CULOS FAMILIARES"},"content":{"rendered":"<p dir=\"ltr\"><em><strong><img loading=\"lazy\" decoding=\"async\" class=\" wp-image-194353 alignright\" src=\"https:\/\/www.buroperiodistico.com.mx\/wp-content\/uploads\/2026\/01\/FESTIVAL-DIA-DE-REYES.jpg\" alt=\"\" width=\"449\" height=\"258\" srcset=\"https:\/\/www.buroperiodistico.com.mx\/wp-content\/uploads\/2026\/01\/FESTIVAL-DIA-DE-REYES.jpg 1024w, https:\/\/www.buroperiodistico.com.mx\/wp-content\/uploads\/2026\/01\/FESTIVAL-DIA-DE-REYES-300x172.jpg 300w, https:\/\/www.buroperiodistico.com.mx\/wp-content\/uploads\/2026\/01\/FESTIVAL-DIA-DE-REYES-768x441.jpg 768w\" sizes=\"auto, (max-width: 449px) 100vw, 449px\" \/>Nuevo Laredo, Tam (3-Enero-2026).-<\/strong><\/em> El Gobierno Municipal y el Sistema DIF Nuevo Laredo invitan a las familias a no perderse el tradicional Festival del D\u00eda de Reyes Magos, que se llevar\u00e1 a cabo el martes 6 de enero en el Polyforum La Fe, a partir de las 11:00 de la ma\u00f1ana, con apertura de puertas desde las 10:00 a.m.<\/p>\n<p dir=\"ltr\">El festejo contar\u00e1 con una cartelera especial de espect\u00e1culos infantiles, entre los que destacan los shows tributo a las Guerreras K-Pop, Beto y sus Amigos, Lilo y Stitch, Intensamente y Tralalero Tralala, adem\u00e1s de la participaci\u00f3n de payasos y m\u00faltiples sorpresas preparadas para ni\u00f1as y ni\u00f1os.<\/p>\n<p dir=\"ltr\">Durante el evento, cada menor asistente recibir\u00e1 una bolsita de dulces y una porci\u00f3n de rosca de Reyes; asimismo, las familias podr\u00e1n tomarse fotograf\u00edas en un set especial con los Reyes Magos y participar en rifas de regalos.<\/p>\n<p dir=\"ltr\">Como parte de la organizaci\u00f3n del evento, se informa que el acceso ser\u00e1 \u00fanicamente con boleto. La entrega se realizar\u00e1 el lunes 5 de enero en las instalaciones del Sistema DIF Nuevo Laredo, ubicadas en H\u00e9roe de Nacataz n\u00famero 2244, fraccionamiento Ojo Caliente, en un horario de 9:00 de la ma\u00f1ana a 3:00 de la tarde, o hasta agotar existencias. Todos los asistentes, tanto ni\u00f1as y ni\u00f1os como personas adultas, deber\u00e1n contar con boleto para ingresar.<\/p>\n<p dir=\"ltr\">El Gobierno Municipal y el Sistema DIF Nuevo Laredo reiteran la invitaci\u00f3n a celebrar en familia esta fecha tan especial, en un espacio seguro, digno y lleno de alegr\u00eda para la ni\u00f1ez de la ciudad.<\/p>\n<p dir=\"ltr\"><img loading=\"lazy\" decoding=\"async\" class=\"aligncenter size-full wp-image-194352\" src=\"https:\/\/www.buroperiodistico.com.mx\/wp-content\/uploads\/2026\/01\/FESTIVAL-DIA-DE-REYES-I.jpg\" alt=\"\" width=\"640\" height=\"428\" srcset=\"https:\/\/www.buroperiodistico.com.mx\/wp-content\/uploads\/2026\/01\/FESTIVAL-DIA-DE-REYES-I.jpg 640w, https:\/\/www.buroperiodistico.com.mx\/wp-content\/uploads\/2026\/01\/FESTIVAL-DIA-DE-REYES-I-300x201.jpg 300w\" sizes=\"auto, (max-width: 640px) 100vw, 640px\" \/><\/p>\n","protected":false},"excerpt":{"rendered":"<p>Nuevo Laredo, Tam (3-Enero-2026).- El Gobierno Municipal y el Sistema DIF Nuevo Laredo invitan a&#8230;<\/p>\n","protected":false},"author":1,"featured_media":194353,"comment_status":"closed","ping_status":"closed","sticky":false,"template":"","format":"standard","meta":{"footnotes":"","jetpack_publicize_message":"","jetpack_publicize_feature_enabled":true,"jetpack_social_post_already_shared":true,"jetpack_social_options":{"image_generator_settings":{"template":"highway","default_image_id":0,"font":"","enabled":false},"version":2}},"categories":[16],"tags":[],"class_list":["post-194351","post","type-post","status-publish","format-standard","has-post-thumbnail","hentry","category-nuevolaredo"],"jetpack_publicize_connections":[],"_links":{"self":[{"href":"https:\/\/www.buroperiodistico.com.mx\/index.php?rest_route=\/wp\/v2\/posts\/194351","targetHints":{"allow":["GET"]}}],"collection":[{"href":"https:\/\/www.buroperiodistico.com.mx\/index.php?rest_route=\/wp\/v2\/posts"}],"about":[{"href":"https:\/\/www.buroperiodistico.com.mx\/index.php?rest_route=\/wp\/v2\/types\/post"}],"author":[{"embeddable":true,"href":"https:\/\/www.buroperiodistico.com.mx\/index.php?rest_route=\/wp\/v2\/users\/1"}],"replies":[{"embeddable":true,"href":"https:\/\/www.buroperiodistico.com.mx\/index.php?rest_route=%2Fwp%2Fv2%2Fcomments&post=194351"}],"version-history":[{"count":1,"href":"https:\/\/www.buroperiodistico.com.mx\/index.php?rest_route=\/wp\/v2\/posts\/194351\/revisions"}],"predecessor-version":[{"id":194354,"href":"https:\/\/www.buroperiodistico.com.mx\/index.php?rest_route=\/wp\/v2\/posts\/194351\/revisions\/194354"}],"wp:featuredmedia":[{"embeddable":true,"href":"https:\/\/www.buroperiodistico.com.mx\/index.php?rest_route=\/wp\/v2\/media\/194353"}],"wp:attachment":[{"href":"https:\/\/www.buroperiodistico.com.mx\/index.php?rest_route=%2Fwp%2Fv2%2Fmedia&parent=194351"}],"wp:term":[{"taxonomy":"category","embeddable":true,"href":"https:\/\/www.buroperiodistico.com.mx\/index.php?rest_route=%2Fwp%2Fv2%2Fcategories&post=194351"},{"taxonomy":"post_tag","embeddable":true,"href":"https:\/\/www.buroperiodistico.com.mx\/index.php?rest_route=%2Fwp%2Fv2%2Ftags&post=194351"}],"curies":[{"name":"wp","href":"https:\/\/api.w.org\/{rel}","templated":true}]}}