{"id":194312,"date":"2026-01-03T13:17:30","date_gmt":"2026-01-03T19:17:30","guid":{"rendered":"https:\/\/www.buroperiodistico.com.mx\/?p=194312"},"modified":"2026-01-03T13:17:30","modified_gmt":"2026-01-03T19:17:30","slug":"ofrece-dif-reynosa-servicios-de-rehabilitacion-en-el-area-de-t-pool-en-el-cri","status":"publish","type":"post","link":"https:\/\/www.buroperiodistico.com.mx\/?p=194312","title":{"rendered":"Ofrece DIF-Reynosa servicios de rehabilitaci\u00f3n en el \u00e1rea de T-Pool en el CRI"},"content":{"rendered":"<p><em><strong>Reynosa, Tam (3-Enero-2025).-<\/strong><\/em> El Sistema DIF-Reynosa que preside Carlos Luis Pe\u00f1a Garza, ofrece a la ciudadan\u00eda el servicio T-Pool en el Centro de Rehabilitaci\u00f3n Integral, un espacio especializado destinado a la hidroterapia con tanque multifuncional, dise\u00f1ado para la atenci\u00f3n de pacientes pedi\u00e1tricos y adultos que requieren rehabilitaci\u00f3n f\u00edsica.<\/p>\n<p>El Centro de Rehabilitaci\u00f3n Integral del DIF-Reynosa se ubica en bulevar Luis Echeverr\u00eda n\u00famero 810, en la colonia Aquiles Serd\u00e1n, y ofrece atenci\u00f3n de lunes a viernes en un horario de 8:00 de la ma\u00f1ana a 7:00 de la tarde.<\/p>\n<p>Para mayor informaci\u00f3n, las personas interesadas pueden comunicarse al tel\u00e9fono 8999221178 a partir de este 7 de enero:<\/p>\n<p><img loading=\"lazy\" decoding=\"async\" class=\"aligncenter  wp-image-194313\" src=\"https:\/\/www.buroperiodistico.com.mx\/wp-content\/uploads\/2026\/01\/Teprx.jpg\" alt=\"\" width=\"888\" height=\"480\" srcset=\"https:\/\/www.buroperiodistico.com.mx\/wp-content\/uploads\/2026\/01\/Teprx.jpg 1110w, https:\/\/www.buroperiodistico.com.mx\/wp-content\/uploads\/2026\/01\/Teprx-300x162.jpg 300w, https:\/\/www.buroperiodistico.com.mx\/wp-content\/uploads\/2026\/01\/Teprx-1024x554.jpg 1024w, https:\/\/www.buroperiodistico.com.mx\/wp-content\/uploads\/2026\/01\/Teprx-768x415.jpg 768w\" sizes=\"auto, (max-width: 888px) 100vw, 888px\" \/><\/p>\n","protected":false},"excerpt":{"rendered":"<p>Reynosa, Tam (3-Enero-2025).- El Sistema DIF-Reynosa que preside Carlos Luis Pe\u00f1a Garza, ofrece a la&#8230;<\/p>\n","protected":false},"author":1,"featured_media":194313,"comment_status":"closed","ping_status":"closed","sticky":false,"template":"","format":"standard","meta":{"footnotes":"","jetpack_publicize_message":"","jetpack_publicize_feature_enabled":true,"jetpack_social_post_already_shared":true,"jetpack_social_options":{"image_generator_settings":{"template":"highway","default_image_id":0,"font":"","enabled":false},"version":2}},"categories":[9],"tags":[],"class_list":["post-194312","post","type-post","status-publish","format-standard","has-post-thumbnail","hentry","category-reynosa"],"jetpack_publicize_connections":[],"_links":{"self":[{"href":"https:\/\/www.buroperiodistico.com.mx\/index.php?rest_route=\/wp\/v2\/posts\/194312","targetHints":{"allow":["GET"]}}],"collection":[{"href":"https:\/\/www.buroperiodistico.com.mx\/index.php?rest_route=\/wp\/v2\/posts"}],"about":[{"href":"https:\/\/www.buroperiodistico.com.mx\/index.php?rest_route=\/wp\/v2\/types\/post"}],"author":[{"embeddable":true,"href":"https:\/\/www.buroperiodistico.com.mx\/index.php?rest_route=\/wp\/v2\/users\/1"}],"replies":[{"embeddable":true,"href":"https:\/\/www.buroperiodistico.com.mx\/index.php?rest_route=%2Fwp%2Fv2%2Fcomments&post=194312"}],"version-history":[{"count":1,"href":"https:\/\/www.buroperiodistico.com.mx\/index.php?rest_route=\/wp\/v2\/posts\/194312\/revisions"}],"predecessor-version":[{"id":194314,"href":"https:\/\/www.buroperiodistico.com.mx\/index.php?rest_route=\/wp\/v2\/posts\/194312\/revisions\/194314"}],"wp:featuredmedia":[{"embeddable":true,"href":"https:\/\/www.buroperiodistico.com.mx\/index.php?rest_route=\/wp\/v2\/media\/194313"}],"wp:attachment":[{"href":"https:\/\/www.buroperiodistico.com.mx\/index.php?rest_route=%2Fwp%2Fv2%2Fmedia&parent=194312"}],"wp:term":[{"taxonomy":"category","embeddable":true,"href":"https:\/\/www.buroperiodistico.com.mx\/index.php?rest_route=%2Fwp%2Fv2%2Fcategories&post=194312"},{"taxonomy":"post_tag","embeddable":true,"href":"https:\/\/www.buroperiodistico.com.mx\/index.php?rest_route=%2Fwp%2Fv2%2Ftags&post=194312"}],"curies":[{"name":"wp","href":"https:\/\/api.w.org\/{rel}","templated":true}]}}