{"id":194304,"date":"2026-01-03T12:23:25","date_gmt":"2026-01-03T18:23:25","guid":{"rendered":"https:\/\/www.buroperiodistico.com.mx\/?p=194304"},"modified":"2026-01-03T12:23:25","modified_gmt":"2026-01-03T18:23:25","slug":"imparable-rehabilitacion-del-alumbrado-publico-en-reynosa","status":"publish","type":"post","link":"https:\/\/www.buroperiodistico.com.mx\/?p=194304","title":{"rendered":"Imparable rehabilitaci\u00f3n del alumbrado p\u00fablico en Reynosa"},"content":{"rendered":"<p><em><strong><img loading=\"lazy\" decoding=\"async\" class=\" wp-image-194306 alignright\" src=\"https:\/\/www.buroperiodistico.com.mx\/wp-content\/uploads\/2026\/01\/Verix.jpeg\" alt=\"\" width=\"537\" height=\"307\" srcset=\"https:\/\/www.buroperiodistico.com.mx\/wp-content\/uploads\/2026\/01\/Verix.jpeg 1024w, https:\/\/www.buroperiodistico.com.mx\/wp-content\/uploads\/2026\/01\/Verix-300x172.jpeg 300w, https:\/\/www.buroperiodistico.com.mx\/wp-content\/uploads\/2026\/01\/Verix-768x440.jpeg 768w\" sizes=\"auto, (max-width: 537px) 100vw, 537px\" \/>Reynosa, Tam (3-Enero-2026).-<\/strong><\/em> El Gobierno Municipal del Alcalde Carlos Pe\u00f1a Ortiz esta realizando trabajo de reparaci\u00f3n y mantenimiento en el alumbrado p\u00fablico de la ciudad, como el efectuado en la avenida Mil Cumbres donde se instal\u00f3 cable 2+1 para alimentar 2 arbotantes y mejorar la visibilidad.<\/p>\n<p>En la colonia L\u00f3pez Portillo se reemplaz\u00f3 una luminaria en Lateral Dren 401, al instalar LED nueva de 150 W. El Ayuntamiento de Reynosa agradece a la ciudadan\u00eda su comprensi\u00f3n y colaboraci\u00f3n en estas labores que buscan mejorar la seguridad y calidad de vida de los habitantes de la ciudad.<\/p>\n<p>#ReynosaImparable<br \/>\n#GobiernoMunicipalDeReynosa<\/p>\n<p><img loading=\"lazy\" decoding=\"async\" class=\"aligncenter size-full wp-image-194305\" src=\"https:\/\/www.buroperiodistico.com.mx\/wp-content\/uploads\/2026\/01\/Verix-I.jpeg\" alt=\"\" width=\"640\" height=\"296\" srcset=\"https:\/\/www.buroperiodistico.com.mx\/wp-content\/uploads\/2026\/01\/Verix-I.jpeg 640w, https:\/\/www.buroperiodistico.com.mx\/wp-content\/uploads\/2026\/01\/Verix-I-300x139.jpeg 300w\" sizes=\"auto, (max-width: 640px) 100vw, 640px\" \/><\/p>\n","protected":false},"excerpt":{"rendered":"<p>Reynosa, Tam (3-Enero-2026).- El Gobierno Municipal del Alcalde Carlos Pe\u00f1a Ortiz esta realizando trabajo de&#8230;<\/p>\n","protected":false},"author":1,"featured_media":194306,"comment_status":"closed","ping_status":"closed","sticky":false,"template":"","format":"standard","meta":{"footnotes":"","jetpack_publicize_message":"","jetpack_publicize_feature_enabled":true,"jetpack_social_post_already_shared":true,"jetpack_social_options":{"image_generator_settings":{"template":"highway","default_image_id":0,"font":"","enabled":false},"version":2}},"categories":[9],"tags":[],"class_list":["post-194304","post","type-post","status-publish","format-standard","has-post-thumbnail","hentry","category-reynosa"],"jetpack_publicize_connections":[],"_links":{"self":[{"href":"https:\/\/www.buroperiodistico.com.mx\/index.php?rest_route=\/wp\/v2\/posts\/194304","targetHints":{"allow":["GET"]}}],"collection":[{"href":"https:\/\/www.buroperiodistico.com.mx\/index.php?rest_route=\/wp\/v2\/posts"}],"about":[{"href":"https:\/\/www.buroperiodistico.com.mx\/index.php?rest_route=\/wp\/v2\/types\/post"}],"author":[{"embeddable":true,"href":"https:\/\/www.buroperiodistico.com.mx\/index.php?rest_route=\/wp\/v2\/users\/1"}],"replies":[{"embeddable":true,"href":"https:\/\/www.buroperiodistico.com.mx\/index.php?rest_route=%2Fwp%2Fv2%2Fcomments&post=194304"}],"version-history":[{"count":1,"href":"https:\/\/www.buroperiodistico.com.mx\/index.php?rest_route=\/wp\/v2\/posts\/194304\/revisions"}],"predecessor-version":[{"id":194307,"href":"https:\/\/www.buroperiodistico.com.mx\/index.php?rest_route=\/wp\/v2\/posts\/194304\/revisions\/194307"}],"wp:featuredmedia":[{"embeddable":true,"href":"https:\/\/www.buroperiodistico.com.mx\/index.php?rest_route=\/wp\/v2\/media\/194306"}],"wp:attachment":[{"href":"https:\/\/www.buroperiodistico.com.mx\/index.php?rest_route=%2Fwp%2Fv2%2Fmedia&parent=194304"}],"wp:term":[{"taxonomy":"category","embeddable":true,"href":"https:\/\/www.buroperiodistico.com.mx\/index.php?rest_route=%2Fwp%2Fv2%2Fcategories&post=194304"},{"taxonomy":"post_tag","embeddable":true,"href":"https:\/\/www.buroperiodistico.com.mx\/index.php?rest_route=%2Fwp%2Fv2%2Ftags&post=194304"}],"curies":[{"name":"wp","href":"https:\/\/api.w.org\/{rel}","templated":true}]}}