{"id":194290,"date":"2026-01-02T18:54:13","date_gmt":"2026-01-03T00:54:13","guid":{"rendered":"https:\/\/www.buroperiodistico.com.mx\/?p=194290"},"modified":"2026-01-02T18:54:13","modified_gmt":"2026-01-03T00:54:13","slug":"termina-decreto-de-nacionalizacion-de-autos-chocolate","status":"publish","type":"post","link":"https:\/\/www.buroperiodistico.com.mx\/?p=194290","title":{"rendered":"TERMINA DECRETO DE NACIONALIZACI\u00d3N DE AUTOS \u00abCHOCOLATE\u00bb"},"content":{"rendered":"<p><em><strong><img loading=\"lazy\" decoding=\"async\" class=\" wp-image-194291 alignright\" src=\"https:\/\/www.buroperiodistico.com.mx\/wp-content\/uploads\/2026\/01\/SPx.jpg\" alt=\"\" width=\"451\" height=\"255\" srcset=\"https:\/\/www.buroperiodistico.com.mx\/wp-content\/uploads\/2026\/01\/SPx.jpg 1024w, https:\/\/www.buroperiodistico.com.mx\/wp-content\/uploads\/2026\/01\/SPx-300x170.jpg 300w, https:\/\/www.buroperiodistico.com.mx\/wp-content\/uploads\/2026\/01\/SPx-768x435.jpg 768w\" sizes=\"auto, (max-width: 451px) 100vw, 451px\" \/>REYNOSA, TAM (Enero 02, de 2025).-<\/strong><\/em> A partir del uno de enero de 2026, qued\u00f3 oficialmente sin efecto el decreto que permit\u00eda la regularizaci\u00f3n simplificada de veh\u00edculos de procedencia extranjera.<\/p>\n<p>La presidenta Claudia Sheinbaum Pardo ha publicado en el Diario Oficial de la Federaci\u00f3n el decreto que deroga el programa iniciado en 2022.<\/p>\n<p>Esto significa que el esquema de pago \u00fanico de $2,500 pesos ha llegado a su fin.<\/p>\n<p>Sin embargo, debe la saber que continuar\u00e1n \u00fanicamente los procesos en curso y se concluir\u00e1n los tr\u00e1mites de veh\u00edculos que ya estaban registrados previamente. Esto as\u00ed ser\u00e1 hasta el 30 de noviembre de 2026.<\/p>\n<p>Pero a partir de hoy no hay tr\u00e1mites nuevos: A partir de hoy, nadie puede iniciar una regularizaci\u00f3n bajo ese esquema<\/p>\n<p>La \u00fanica v\u00eda legal para legalizar un veh\u00edculo extranjero ahora es mediante la Importaci\u00f3n Definitiva, ajustada a las normas generales de comercio exterior y que como sabemos, es muy cara.<\/p>\n<p>As\u00ed que atenci\u00f3n, las placas de asociaciones (UCD, ONAPPAFA, etc.) no tienen validez ante las autoridades.<\/p>\n<p>Se prev\u00e9n operativos del SAT, por lo que circular con un auto \u00abchocolate\u00bb sin papeles legales representa un riesgo para su patrimonio.<\/p>\n","protected":false},"excerpt":{"rendered":"<p>REYNOSA, TAM (Enero 02, de 2025).- A partir del uno de enero de 2026, qued\u00f3&#8230;<\/p>\n","protected":false},"author":1,"featured_media":194291,"comment_status":"closed","ping_status":"closed","sticky":false,"template":"","format":"standard","meta":{"footnotes":"","jetpack_publicize_message":"","jetpack_publicize_feature_enabled":true,"jetpack_social_post_already_shared":true,"jetpack_social_options":{"image_generator_settings":{"template":"highway","default_image_id":0,"font":"","enabled":false},"version":2}},"categories":[25,9],"tags":[],"class_list":["post-194290","post","type-post","status-publish","format-standard","has-post-thumbnail","hentry","category-portada","category-reynosa"],"jetpack_publicize_connections":[],"_links":{"self":[{"href":"https:\/\/www.buroperiodistico.com.mx\/index.php?rest_route=\/wp\/v2\/posts\/194290","targetHints":{"allow":["GET"]}}],"collection":[{"href":"https:\/\/www.buroperiodistico.com.mx\/index.php?rest_route=\/wp\/v2\/posts"}],"about":[{"href":"https:\/\/www.buroperiodistico.com.mx\/index.php?rest_route=\/wp\/v2\/types\/post"}],"author":[{"embeddable":true,"href":"https:\/\/www.buroperiodistico.com.mx\/index.php?rest_route=\/wp\/v2\/users\/1"}],"replies":[{"embeddable":true,"href":"https:\/\/www.buroperiodistico.com.mx\/index.php?rest_route=%2Fwp%2Fv2%2Fcomments&post=194290"}],"version-history":[{"count":1,"href":"https:\/\/www.buroperiodistico.com.mx\/index.php?rest_route=\/wp\/v2\/posts\/194290\/revisions"}],"predecessor-version":[{"id":194292,"href":"https:\/\/www.buroperiodistico.com.mx\/index.php?rest_route=\/wp\/v2\/posts\/194290\/revisions\/194292"}],"wp:featuredmedia":[{"embeddable":true,"href":"https:\/\/www.buroperiodistico.com.mx\/index.php?rest_route=\/wp\/v2\/media\/194291"}],"wp:attachment":[{"href":"https:\/\/www.buroperiodistico.com.mx\/index.php?rest_route=%2Fwp%2Fv2%2Fmedia&parent=194290"}],"wp:term":[{"taxonomy":"category","embeddable":true,"href":"https:\/\/www.buroperiodistico.com.mx\/index.php?rest_route=%2Fwp%2Fv2%2Fcategories&post=194290"},{"taxonomy":"post_tag","embeddable":true,"href":"https:\/\/www.buroperiodistico.com.mx\/index.php?rest_route=%2Fwp%2Fv2%2Ftags&post=194290"}],"curies":[{"name":"wp","href":"https:\/\/api.w.org\/{rel}","templated":true}]}}