{"id":194283,"date":"2026-01-02T16:36:30","date_gmt":"2026-01-02T22:36:30","guid":{"rendered":"https:\/\/www.buroperiodistico.com.mx\/?p=194283"},"modified":"2026-01-02T16:36:30","modified_gmt":"2026-01-02T22:36:30","slug":"caotico-regreso-a-eu-de-paisanos-por-nuevo-laredo","status":"publish","type":"post","link":"https:\/\/www.buroperiodistico.com.mx\/?p=194283","title":{"rendered":"CA\u00d3TICO REGRESO A EU DE PAISANOS POR NUEVO LAREDO"},"content":{"rendered":"<p><strong><img loading=\"lazy\" decoding=\"async\" class=\" wp-image-194287 alignright\" src=\"https:\/\/www.buroperiodistico.com.mx\/wp-content\/uploads\/2026\/01\/Regreso.jpg\" alt=\"\" width=\"418\" height=\"226\" srcset=\"https:\/\/www.buroperiodistico.com.mx\/wp-content\/uploads\/2026\/01\/Regreso.jpg 1110w, https:\/\/www.buroperiodistico.com.mx\/wp-content\/uploads\/2026\/01\/Regreso-300x162.jpg 300w, https:\/\/www.buroperiodistico.com.mx\/wp-content\/uploads\/2026\/01\/Regreso-1024x554.jpg 1024w, https:\/\/www.buroperiodistico.com.mx\/wp-content\/uploads\/2026\/01\/Regreso-768x415.jpg 768w\" sizes=\"auto, (max-width: 418px) 100vw, 418px\" \/>Nuevo Laredo, Tam (2-Enero-2025).-<\/strong> As\u00ed el regreso de paisanos hacia los Estados Unidos, por Nuevo Laredo en estos momentos.<\/p>\n<p>La propia alcaldesa, Carmen Lilia Canturosas, est\u00e1 pidiendo a sus conciudadanos, tomar las cosas con calma y manejar con precauci\u00f3n.<\/p>\n<p>Escribe la presidenta municipal en sus redes sociales: \u201c Familia, con el regreso de nuestros paisanos a Estados Unidos por Nuevo Laredo, se registran largas filas sobre el bulevar, que se extienden hasta el Puente de la Madero\u201d.<\/p>\n<p>Agrega la alcaldesa Canturosas, que est\u00e1 el ayuntamiento a su cargo trabajando de manera coordinada con Tr\u00e1nsito y Protecci\u00f3n Civil para agilizar el flujo vehicular.<\/p>\n<p><img loading=\"lazy\" decoding=\"async\" class=\"aligncenter size-full wp-image-194284\" src=\"https:\/\/www.buroperiodistico.com.mx\/wp-content\/uploads\/2026\/01\/Regreso-I.jpg\" alt=\"\" width=\"583\" height=\"330\" srcset=\"https:\/\/www.buroperiodistico.com.mx\/wp-content\/uploads\/2026\/01\/Regreso-I.jpg 583w, https:\/\/www.buroperiodistico.com.mx\/wp-content\/uploads\/2026\/01\/Regreso-I-300x170.jpg 300w\" sizes=\"auto, (max-width: 583px) 100vw, 583px\" \/> <img loading=\"lazy\" decoding=\"async\" class=\"aligncenter size-full wp-image-194286\" src=\"https:\/\/www.buroperiodistico.com.mx\/wp-content\/uploads\/2026\/01\/Regreso-III.jpg\" alt=\"\" width=\"648\" height=\"335\" srcset=\"https:\/\/www.buroperiodistico.com.mx\/wp-content\/uploads\/2026\/01\/Regreso-III.jpg 648w, https:\/\/www.buroperiodistico.com.mx\/wp-content\/uploads\/2026\/01\/Regreso-III-300x155.jpg 300w\" sizes=\"auto, (max-width: 648px) 100vw, 648px\" \/> <img loading=\"lazy\" decoding=\"async\" class=\"aligncenter size-full wp-image-194285\" src=\"https:\/\/www.buroperiodistico.com.mx\/wp-content\/uploads\/2026\/01\/Regreso-II.jpg\" alt=\"\" width=\"585\" height=\"362\" srcset=\"https:\/\/www.buroperiodistico.com.mx\/wp-content\/uploads\/2026\/01\/Regreso-II.jpg 585w, https:\/\/www.buroperiodistico.com.mx\/wp-content\/uploads\/2026\/01\/Regreso-II-300x186.jpg 300w\" sizes=\"auto, (max-width: 585px) 100vw, 585px\" \/><\/p>\n","protected":false},"excerpt":{"rendered":"<p>Nuevo Laredo, Tam (2-Enero-2025).- As\u00ed el regreso de paisanos hacia los Estados Unidos, por Nuevo&#8230;<\/p>\n","protected":false},"author":1,"featured_media":194287,"comment_status":"closed","ping_status":"closed","sticky":false,"template":"","format":"standard","meta":{"footnotes":"","jetpack_publicize_message":"","jetpack_publicize_feature_enabled":true,"jetpack_social_post_already_shared":true,"jetpack_social_options":{"image_generator_settings":{"template":"highway","default_image_id":0,"font":"","enabled":false},"version":2}},"categories":[16],"tags":[],"class_list":["post-194283","post","type-post","status-publish","format-standard","has-post-thumbnail","hentry","category-nuevolaredo"],"jetpack_publicize_connections":[],"_links":{"self":[{"href":"https:\/\/www.buroperiodistico.com.mx\/index.php?rest_route=\/wp\/v2\/posts\/194283","targetHints":{"allow":["GET"]}}],"collection":[{"href":"https:\/\/www.buroperiodistico.com.mx\/index.php?rest_route=\/wp\/v2\/posts"}],"about":[{"href":"https:\/\/www.buroperiodistico.com.mx\/index.php?rest_route=\/wp\/v2\/types\/post"}],"author":[{"embeddable":true,"href":"https:\/\/www.buroperiodistico.com.mx\/index.php?rest_route=\/wp\/v2\/users\/1"}],"replies":[{"embeddable":true,"href":"https:\/\/www.buroperiodistico.com.mx\/index.php?rest_route=%2Fwp%2Fv2%2Fcomments&post=194283"}],"version-history":[{"count":1,"href":"https:\/\/www.buroperiodistico.com.mx\/index.php?rest_route=\/wp\/v2\/posts\/194283\/revisions"}],"predecessor-version":[{"id":194288,"href":"https:\/\/www.buroperiodistico.com.mx\/index.php?rest_route=\/wp\/v2\/posts\/194283\/revisions\/194288"}],"wp:featuredmedia":[{"embeddable":true,"href":"https:\/\/www.buroperiodistico.com.mx\/index.php?rest_route=\/wp\/v2\/media\/194287"}],"wp:attachment":[{"href":"https:\/\/www.buroperiodistico.com.mx\/index.php?rest_route=%2Fwp%2Fv2%2Fmedia&parent=194283"}],"wp:term":[{"taxonomy":"category","embeddable":true,"href":"https:\/\/www.buroperiodistico.com.mx\/index.php?rest_route=%2Fwp%2Fv2%2Fcategories&post=194283"},{"taxonomy":"post_tag","embeddable":true,"href":"https:\/\/www.buroperiodistico.com.mx\/index.php?rest_route=%2Fwp%2Fv2%2Ftags&post=194283"}],"curies":[{"name":"wp","href":"https:\/\/api.w.org\/{rel}","templated":true}]}}