{"id":194269,"date":"2026-01-02T15:28:32","date_gmt":"2026-01-02T21:28:32","guid":{"rendered":"https:\/\/www.buroperiodistico.com.mx\/?p=194269"},"modified":"2026-01-02T15:28:32","modified_gmt":"2026-01-02T21:28:32","slug":"fortalece-dif-tamaulipas-la-atencion-a-personas-adultas-mayores-con-brigadas-de-salud","status":"publish","type":"post","link":"https:\/\/www.buroperiodistico.com.mx\/?p=194269","title":{"rendered":"Fortalece DIF Tamaulipas la atenci\u00f3n a personas adultas mayores con brigadas de salud"},"content":{"rendered":"<ul>\n<li><strong><em>En la Casa Club del Adulto Mayor se atendi\u00f3 a m\u00e1s de 400 personas durante la jornada m\u00e1s reciente<\/em><\/strong><\/li>\n<\/ul>\n<p><strong><img loading=\"lazy\" decoding=\"async\" class=\" wp-image-194275 alignright\" src=\"https:\/\/www.buroperiodistico.com.mx\/wp-content\/uploads\/2026\/01\/DIFx.jpg\" alt=\"\" width=\"453\" height=\"245\" srcset=\"https:\/\/www.buroperiodistico.com.mx\/wp-content\/uploads\/2026\/01\/DIFx.jpg 1110w, https:\/\/www.buroperiodistico.com.mx\/wp-content\/uploads\/2026\/01\/DIFx-300x162.jpg 300w, https:\/\/www.buroperiodistico.com.mx\/wp-content\/uploads\/2026\/01\/DIFx-1024x554.jpg 1024w, https:\/\/www.buroperiodistico.com.mx\/wp-content\/uploads\/2026\/01\/DIFx-768x415.jpg 768w\" sizes=\"auto, (max-width: 453px) 100vw, 453px\" \/>Ciudad Victoria, Tamaulipas (2-Enero-2026).-<\/strong> Con el objetivo de contribuir al bienestar f\u00edsico, mental y emocional de las personas adultas mayores, el Sistema para el Desarrollo Integral de la Familia de Tamaulipas, que preside la doctora Mar\u00eda de Villarreal, llev\u00f3 a cabo una brigada de salud en la Casa Club del Adulto Mayor, donde se brind\u00f3 atenci\u00f3n a m\u00e1s de 400 asistentes.<\/p>\n<p>Durante la jornada se priorizaron acciones de prevenci\u00f3n y protecci\u00f3n de la salud ante la temporada invernal, mediante la aplicaci\u00f3n de vacunas y la prestaci\u00f3n de servicios de atenci\u00f3n odontol\u00f3gica y auditiva, as\u00ed como terapia f\u00edsica. De igual forma, se puso a disposici\u00f3n el m\u00f3dulo de la Unidad de Especialidades M\u00e9dicas (UNEME) de la Secretar\u00eda de Salud.<\/p>\n<p>Estas brigadas de salud se realizan de manera peri\u00f3dica tanto en la Casa Club del Adulto Mayor como en los distintos centros asistenciales del estado, donde se brinda atenci\u00f3n integral a personas adultas mayores a lo largo del a\u00f1o.<\/p>\n<p>A trav\u00e9s de estas acciones preventivas, las y los Mensajeros de Paz buscan fortalecer la salud m\u00e9dica y psicosocial de las personas que asisten a estos espacios, as\u00ed como brindar tranquilidad a sus familias, favoreciendo una mejor calidad de vida y un acompa\u00f1amiento digno en esta etapa de la vida.<\/p>\n<p><img loading=\"lazy\" decoding=\"async\" class=\"aligncenter size-full wp-image-194270\" src=\"https:\/\/www.buroperiodistico.com.mx\/wp-content\/uploads\/2026\/01\/DIFx-I.jpg\" alt=\"\" width=\"679\" height=\"408\" srcset=\"https:\/\/www.buroperiodistico.com.mx\/wp-content\/uploads\/2026\/01\/DIFx-I.jpg 679w, https:\/\/www.buroperiodistico.com.mx\/wp-content\/uploads\/2026\/01\/DIFx-I-300x180.jpg 300w\" sizes=\"auto, (max-width: 679px) 100vw, 679px\" \/> <img loading=\"lazy\" decoding=\"async\" class=\"aligncenter size-full wp-image-194274\" src=\"https:\/\/www.buroperiodistico.com.mx\/wp-content\/uploads\/2026\/01\/DIFx-IIIII.jpg\" alt=\"\" width=\"713\" height=\"473\" srcset=\"https:\/\/www.buroperiodistico.com.mx\/wp-content\/uploads\/2026\/01\/DIFx-IIIII.jpg 713w, https:\/\/www.buroperiodistico.com.mx\/wp-content\/uploads\/2026\/01\/DIFx-IIIII-300x199.jpg 300w\" sizes=\"auto, (max-width: 713px) 100vw, 713px\" \/> <img loading=\"lazy\" decoding=\"async\" class=\"aligncenter size-full wp-image-194273\" src=\"https:\/\/www.buroperiodistico.com.mx\/wp-content\/uploads\/2026\/01\/DIFx-IIII.jpg\" alt=\"\" width=\"655\" height=\"429\" srcset=\"https:\/\/www.buroperiodistico.com.mx\/wp-content\/uploads\/2026\/01\/DIFx-IIII.jpg 655w, https:\/\/www.buroperiodistico.com.mx\/wp-content\/uploads\/2026\/01\/DIFx-IIII-300x196.jpg 300w\" sizes=\"auto, (max-width: 655px) 100vw, 655px\" \/> <img loading=\"lazy\" decoding=\"async\" class=\"aligncenter size-full wp-image-194272\" src=\"https:\/\/www.buroperiodistico.com.mx\/wp-content\/uploads\/2026\/01\/DIFx-III.jpg\" alt=\"\" width=\"695\" height=\"462\" srcset=\"https:\/\/www.buroperiodistico.com.mx\/wp-content\/uploads\/2026\/01\/DIFx-III.jpg 695w, https:\/\/www.buroperiodistico.com.mx\/wp-content\/uploads\/2026\/01\/DIFx-III-300x199.jpg 300w\" sizes=\"auto, (max-width: 695px) 100vw, 695px\" \/> <img loading=\"lazy\" decoding=\"async\" class=\"aligncenter size-full wp-image-194271\" src=\"https:\/\/www.buroperiodistico.com.mx\/wp-content\/uploads\/2026\/01\/DIFx-II.jpg\" alt=\"\" width=\"732\" height=\"467\" srcset=\"https:\/\/www.buroperiodistico.com.mx\/wp-content\/uploads\/2026\/01\/DIFx-II.jpg 732w, https:\/\/www.buroperiodistico.com.mx\/wp-content\/uploads\/2026\/01\/DIFx-II-300x191.jpg 300w\" sizes=\"auto, (max-width: 732px) 100vw, 732px\" \/><\/p>\n","protected":false},"excerpt":{"rendered":"<p>En la Casa Club del Adulto Mayor se atendi\u00f3 a m\u00e1s de 400 personas durante&#8230;<\/p>\n","protected":false},"author":1,"featured_media":194275,"comment_status":"closed","ping_status":"closed","sticky":false,"template":"","format":"standard","meta":{"footnotes":"","jetpack_publicize_message":"","jetpack_publicize_feature_enabled":true,"jetpack_social_post_already_shared":true,"jetpack_social_options":{"image_generator_settings":{"template":"highway","default_image_id":0,"font":"","enabled":false},"version":2}},"categories":[10],"tags":[],"class_list":["post-194269","post","type-post","status-publish","format-standard","has-post-thumbnail","hentry","category-tamaulipas"],"jetpack_publicize_connections":[],"_links":{"self":[{"href":"https:\/\/www.buroperiodistico.com.mx\/index.php?rest_route=\/wp\/v2\/posts\/194269","targetHints":{"allow":["GET"]}}],"collection":[{"href":"https:\/\/www.buroperiodistico.com.mx\/index.php?rest_route=\/wp\/v2\/posts"}],"about":[{"href":"https:\/\/www.buroperiodistico.com.mx\/index.php?rest_route=\/wp\/v2\/types\/post"}],"author":[{"embeddable":true,"href":"https:\/\/www.buroperiodistico.com.mx\/index.php?rest_route=\/wp\/v2\/users\/1"}],"replies":[{"embeddable":true,"href":"https:\/\/www.buroperiodistico.com.mx\/index.php?rest_route=%2Fwp%2Fv2%2Fcomments&post=194269"}],"version-history":[{"count":1,"href":"https:\/\/www.buroperiodistico.com.mx\/index.php?rest_route=\/wp\/v2\/posts\/194269\/revisions"}],"predecessor-version":[{"id":194276,"href":"https:\/\/www.buroperiodistico.com.mx\/index.php?rest_route=\/wp\/v2\/posts\/194269\/revisions\/194276"}],"wp:featuredmedia":[{"embeddable":true,"href":"https:\/\/www.buroperiodistico.com.mx\/index.php?rest_route=\/wp\/v2\/media\/194275"}],"wp:attachment":[{"href":"https:\/\/www.buroperiodistico.com.mx\/index.php?rest_route=%2Fwp%2Fv2%2Fmedia&parent=194269"}],"wp:term":[{"taxonomy":"category","embeddable":true,"href":"https:\/\/www.buroperiodistico.com.mx\/index.php?rest_route=%2Fwp%2Fv2%2Fcategories&post=194269"},{"taxonomy":"post_tag","embeddable":true,"href":"https:\/\/www.buroperiodistico.com.mx\/index.php?rest_route=%2Fwp%2Fv2%2Ftags&post=194269"}],"curies":[{"name":"wp","href":"https:\/\/api.w.org\/{rel}","templated":true}]}}