{"id":194264,"date":"2026-01-02T15:17:00","date_gmt":"2026-01-02T21:17:00","guid":{"rendered":"https:\/\/www.buroperiodistico.com.mx\/?p=194264"},"modified":"2026-01-02T15:17:00","modified_gmt":"2026-01-02T21:17:00","slug":"estudia-la-uat-el-impacto-de-las-redes-sociales-en-la-salud-integral-de-adolescentes","status":"publish","type":"post","link":"https:\/\/www.buroperiodistico.com.mx\/?p=194264","title":{"rendered":"Estudia la UAT el impacto de las redes sociales en la salud integral de adolescentes"},"content":{"rendered":"<p><em><strong><img loading=\"lazy\" decoding=\"async\" class=\" wp-image-194265 alignright\" src=\"https:\/\/www.buroperiodistico.com.mx\/wp-content\/uploads\/2026\/01\/UATx.jpg\" alt=\"\" width=\"461\" height=\"249\" srcset=\"https:\/\/www.buroperiodistico.com.mx\/wp-content\/uploads\/2026\/01\/UATx.jpg 1110w, https:\/\/www.buroperiodistico.com.mx\/wp-content\/uploads\/2026\/01\/UATx-300x162.jpg 300w, https:\/\/www.buroperiodistico.com.mx\/wp-content\/uploads\/2026\/01\/UATx-1024x554.jpg 1024w, https:\/\/www.buroperiodistico.com.mx\/wp-content\/uploads\/2026\/01\/UATx-768x415.jpg 768w\" sizes=\"auto, (max-width: 461px) 100vw, 461px\" \/>Ciudad Victoria, Tam (2-Enero-2026).-<\/strong><\/em> La Universidad Aut\u00f3noma de Tamaulipas (UAT), a trav\u00e9s de la Unidad Acad\u00e9mica Multidisciplinaria Reynosa Aztl\u00e1n (UAMRA), lleva a cabo un estudio orientado a la identificaci\u00f3n de conductas alimentarias de riesgo y su relaci\u00f3n con la imagen corporal en adolescentes, considerando la influencia de las redes sociales.<\/p>\n<p>La iniciativa es encabezada por la Dra. Octelina Castillo Ruiz, quien explic\u00f3 que el estudio surgi\u00f3 tras a\u00f1os de trabajo en el \u00e1mbito de la nutrici\u00f3n con ni\u00f1os y adolescentes, mediante el cual se detect\u00f3 que muchos de los problemas emocionales y de alimentaci\u00f3n desde edades tempranas est\u00e1n relacionados con factores que no siempre se atienden de manera integral, como el uso de las plataformas digitales.<\/p>\n<p>\u201cEl objetivo es determinar la prevalencia de estas conductas, comprender c\u00f3mo las redes sociales impactan en la forma en que los j\u00f3venes perciben su cuerpo y, a partir de ello, dise\u00f1ar intervenciones nutricionales m\u00e1s efectivas que fortalezcan tanto la salud f\u00edsica como la emocional\u201d, detall\u00f3 la investigadora.<\/p>\n<p>Coment\u00f3 que el proyecto cuenta con la participaci\u00f3n del Cuerpo Acad\u00e9mico de Alimentos, Nutrici\u00f3n y Salud, integrado por nueve docentes, adem\u00e1s de estudiantes de la Maestr\u00eda en Ciencia y Tecnolog\u00eda de Alimentos y del Doctorado en Ciencias Biom\u00e9dicas de la UAT.<\/p>\n<p>Precis\u00f3 que, la investigaci\u00f3n titulada \u201cRedes sociales como herramienta para identificar las conductas alimentarias de riesgo y su relaci\u00f3n con la imagen corporal en adolescentes en dos ciudades fronterizas de M\u00e9xico\u201d, se desarrolla tambi\u00e9n en colaboraci\u00f3n con grupos especializados en nutrici\u00f3n y conductas alimentarias en Tuxtla Guti\u00e9rrez, Chiapas, con el objetivo de establecer comparativos regionales y preparar intervenciones nutricionales efectivas que puedan implementarse a nivel nacional.<\/p>\n<p>La Dra. Castillo Ruiz se\u00f1al\u00f3 que, en M\u00e9xico, alrededor del 41.1 % de los adolescentes presenta sobrepeso u obesidad; mientras que entre el 50 % y 71.2 % manifiestan una percepci\u00f3n corporal err\u00f3nea, factores que aumentan la posibilidad de desarrollar anorexia, bulimia u otras conductas de riesgo que afectan de manera grave la salud integral de los j\u00f3venes.<\/p>\n<p>\u201cQueremos que este esfuerzo de investigaci\u00f3n sirva de base para impulsar programas nacionales que mejoren la calidad de vida de nuestra poblaci\u00f3n adolescente. Es fundamental que m\u00e1s estudiantes se integren a proyectos de este tipo, porque el conocimiento que generamos en la universidad se convierte en un apoyo directo a la sociedad\u201d, enfatiz\u00f3 la acad\u00e9mica.<\/p>\n<p>Con este tipo de iniciativas, la UAT refrenda su compromiso de responder a los retos sociales del pa\u00eds, fortalecer la investigaci\u00f3n con impacto humano y contribuir a la formaci\u00f3n de soluciones interdisciplinarias que atiendan de manera integral la salud de la ni\u00f1ez y la juventud mexicana.<\/p>\n","protected":false},"excerpt":{"rendered":"<p>Ciudad Victoria, Tam (2-Enero-2026).- La Universidad Aut\u00f3noma de Tamaulipas (UAT), a trav\u00e9s de la Unidad&#8230;<\/p>\n","protected":false},"author":1,"featured_media":194265,"comment_status":"closed","ping_status":"closed","sticky":false,"template":"","format":"standard","meta":{"footnotes":"","jetpack_publicize_message":"","jetpack_publicize_feature_enabled":true,"jetpack_social_post_already_shared":true,"jetpack_social_options":{"image_generator_settings":{"template":"highway","default_image_id":0,"font":"","enabled":false},"version":2}},"categories":[25,28],"tags":[],"class_list":["post-194264","post","type-post","status-publish","format-standard","has-post-thumbnail","hentry","category-portada","category-uat"],"jetpack_publicize_connections":[],"_links":{"self":[{"href":"https:\/\/www.buroperiodistico.com.mx\/index.php?rest_route=\/wp\/v2\/posts\/194264","targetHints":{"allow":["GET"]}}],"collection":[{"href":"https:\/\/www.buroperiodistico.com.mx\/index.php?rest_route=\/wp\/v2\/posts"}],"about":[{"href":"https:\/\/www.buroperiodistico.com.mx\/index.php?rest_route=\/wp\/v2\/types\/post"}],"author":[{"embeddable":true,"href":"https:\/\/www.buroperiodistico.com.mx\/index.php?rest_route=\/wp\/v2\/users\/1"}],"replies":[{"embeddable":true,"href":"https:\/\/www.buroperiodistico.com.mx\/index.php?rest_route=%2Fwp%2Fv2%2Fcomments&post=194264"}],"version-history":[{"count":1,"href":"https:\/\/www.buroperiodistico.com.mx\/index.php?rest_route=\/wp\/v2\/posts\/194264\/revisions"}],"predecessor-version":[{"id":194266,"href":"https:\/\/www.buroperiodistico.com.mx\/index.php?rest_route=\/wp\/v2\/posts\/194264\/revisions\/194266"}],"wp:featuredmedia":[{"embeddable":true,"href":"https:\/\/www.buroperiodistico.com.mx\/index.php?rest_route=\/wp\/v2\/media\/194265"}],"wp:attachment":[{"href":"https:\/\/www.buroperiodistico.com.mx\/index.php?rest_route=%2Fwp%2Fv2%2Fmedia&parent=194264"}],"wp:term":[{"taxonomy":"category","embeddable":true,"href":"https:\/\/www.buroperiodistico.com.mx\/index.php?rest_route=%2Fwp%2Fv2%2Fcategories&post=194264"},{"taxonomy":"post_tag","embeddable":true,"href":"https:\/\/www.buroperiodistico.com.mx\/index.php?rest_route=%2Fwp%2Fv2%2Ftags&post=194264"}],"curies":[{"name":"wp","href":"https:\/\/api.w.org\/{rel}","templated":true}]}}