{"id":194261,"date":"2026-01-02T15:03:42","date_gmt":"2026-01-02T21:03:42","guid":{"rendered":"https:\/\/www.buroperiodistico.com.mx\/?p=194261"},"modified":"2026-01-02T15:03:42","modified_gmt":"2026-01-02T21:03:42","slug":"reparo-comapa-fugas-de-agua-potable-en-distintos-sectores-de-la-ciudad","status":"publish","type":"post","link":"https:\/\/www.buroperiodistico.com.mx\/?p=194261","title":{"rendered":"Repar\u00f3 COMAPA fugas de agua potable en distintos sectores de la ciudad"},"content":{"rendered":"<p><em><strong><img loading=\"lazy\" decoding=\"async\" class=\" wp-image-194262 alignright\" src=\"https:\/\/www.buroperiodistico.com.mx\/wp-content\/uploads\/2026\/01\/Reparox.jpg\" alt=\"\" width=\"418\" height=\"226\" srcset=\"https:\/\/www.buroperiodistico.com.mx\/wp-content\/uploads\/2026\/01\/Reparox.jpg 1110w, https:\/\/www.buroperiodistico.com.mx\/wp-content\/uploads\/2026\/01\/Reparox-300x162.jpg 300w, https:\/\/www.buroperiodistico.com.mx\/wp-content\/uploads\/2026\/01\/Reparox-1024x554.jpg 1024w, https:\/\/www.buroperiodistico.com.mx\/wp-content\/uploads\/2026\/01\/Reparox-768x415.jpg 768w\" sizes=\"auto, (max-width: 418px) 100vw, 418px\" \/>Reynosa, Tam (2-Enero-2026).-<\/strong><\/em> Por instrucciones del Presidente Municipal, Carlos Pe\u00f1a Ortiz, la Comisi\u00f3n Municipal de Agua Potable y Alcantarillado de Reynosa contin\u00faa reforzando las acciones para el cuidado y preservaci\u00f3n del agua potable, mediante la atenci\u00f3n oportuna a reportes ciudadanos relacionados con fugas en la red de distribuci\u00f3n.<\/p>\n<p>Los trabajos se realizaron en los siguientes puntos: calle Flor de Laurel, en el fraccionamiento San Valent\u00edn; calle Girasol esquina con Palmas, en la colonia Esperanza; calle A. Rodr\u00edguez, en la colonia Ribere\u00f1a; calle Pino, en el fraccionamiento Los Fresnos; as\u00ed como en calle Jard\u00edn y Alta Vista, en la colonia Paseo Residencial.<\/p>\n<p>La COMAPA de Reynosa hace un llamado a la ciudadan\u00eda a reportar oportunamente cualquier fuga y a sumarse al cuidado del agua, recordando que su uso responsable es fundamental para asegurar la continuidad del servicio y el desarrollo de la ciudad. El compromiso entre autoridades y usuarios es clave para proteger este recurso indispensable para todos.<\/p>\n","protected":false},"excerpt":{"rendered":"<p>Reynosa, Tam (2-Enero-2026).- Por instrucciones del Presidente Municipal, Carlos Pe\u00f1a Ortiz, la Comisi\u00f3n Municipal de&#8230;<\/p>\n","protected":false},"author":1,"featured_media":194262,"comment_status":"closed","ping_status":"closed","sticky":false,"template":"","format":"standard","meta":{"footnotes":"","jetpack_publicize_message":"","jetpack_publicize_feature_enabled":true,"jetpack_social_post_already_shared":true,"jetpack_social_options":{"image_generator_settings":{"template":"highway","default_image_id":0,"font":"","enabled":false},"version":2}},"categories":[9],"tags":[],"class_list":["post-194261","post","type-post","status-publish","format-standard","has-post-thumbnail","hentry","category-reynosa"],"jetpack_publicize_connections":[],"_links":{"self":[{"href":"https:\/\/www.buroperiodistico.com.mx\/index.php?rest_route=\/wp\/v2\/posts\/194261","targetHints":{"allow":["GET"]}}],"collection":[{"href":"https:\/\/www.buroperiodistico.com.mx\/index.php?rest_route=\/wp\/v2\/posts"}],"about":[{"href":"https:\/\/www.buroperiodistico.com.mx\/index.php?rest_route=\/wp\/v2\/types\/post"}],"author":[{"embeddable":true,"href":"https:\/\/www.buroperiodistico.com.mx\/index.php?rest_route=\/wp\/v2\/users\/1"}],"replies":[{"embeddable":true,"href":"https:\/\/www.buroperiodistico.com.mx\/index.php?rest_route=%2Fwp%2Fv2%2Fcomments&post=194261"}],"version-history":[{"count":1,"href":"https:\/\/www.buroperiodistico.com.mx\/index.php?rest_route=\/wp\/v2\/posts\/194261\/revisions"}],"predecessor-version":[{"id":194263,"href":"https:\/\/www.buroperiodistico.com.mx\/index.php?rest_route=\/wp\/v2\/posts\/194261\/revisions\/194263"}],"wp:featuredmedia":[{"embeddable":true,"href":"https:\/\/www.buroperiodistico.com.mx\/index.php?rest_route=\/wp\/v2\/media\/194262"}],"wp:attachment":[{"href":"https:\/\/www.buroperiodistico.com.mx\/index.php?rest_route=%2Fwp%2Fv2%2Fmedia&parent=194261"}],"wp:term":[{"taxonomy":"category","embeddable":true,"href":"https:\/\/www.buroperiodistico.com.mx\/index.php?rest_route=%2Fwp%2Fv2%2Fcategories&post=194261"},{"taxonomy":"post_tag","embeddable":true,"href":"https:\/\/www.buroperiodistico.com.mx\/index.php?rest_route=%2Fwp%2Fv2%2Ftags&post=194261"}],"curies":[{"name":"wp","href":"https:\/\/api.w.org\/{rel}","templated":true}]}}