{"id":194257,"date":"2026-01-02T13:44:48","date_gmt":"2026-01-02T19:44:48","guid":{"rendered":"https:\/\/www.buroperiodistico.com.mx\/?p=194257"},"modified":"2026-01-02T13:44:48","modified_gmt":"2026-01-02T19:44:48","slug":"brinda-dif-reynosa-apoyo-a-familias-con-servicio-de-guarderia-3-en-jarachina-sur","status":"publish","type":"post","link":"https:\/\/www.buroperiodistico.com.mx\/?p=194257","title":{"rendered":"Brinda DIF-Reynosa apoyo a familias con servicio de Guarder\u00eda 3 en Jarachina Sur"},"content":{"rendered":"<p><em><strong><img loading=\"lazy\" decoding=\"async\" class=\" wp-image-194258 alignright\" src=\"https:\/\/www.buroperiodistico.com.mx\/wp-content\/uploads\/2026\/01\/DIFxz.jpeg\" alt=\"\" width=\"493\" height=\"304\" srcset=\"https:\/\/www.buroperiodistico.com.mx\/wp-content\/uploads\/2026\/01\/DIFxz.jpeg 1024w, https:\/\/www.buroperiodistico.com.mx\/wp-content\/uploads\/2026\/01\/DIFxz-300x185.jpeg 300w, https:\/\/www.buroperiodistico.com.mx\/wp-content\/uploads\/2026\/01\/DIFxz-768x474.jpeg 768w\" sizes=\"auto, (max-width: 493px) 100vw, 493px\" \/>Reynosa, Tam (2-Enero-2026).-<\/strong><\/em> A fin de apoyar a las familias, el Sistema DIF-Reynosa que preside Carlos Luis Pe\u00f1a Garza, cuenta con la Guarder\u00eda 3, ubicada en calle Miguel \u00c1ngel n\u00famero 255, en la colonia Jarachina Sur, donde se brinda cuidado, atenci\u00f3n y acompa\u00f1amiento a ni\u00f1as y ni\u00f1os desde los 45 d\u00edas de nacidos, hasta los 4 a\u00f1os de edad.<\/p>\n<p>Esta guarder\u00eda DIF, cuenta con servicios de alimentaci\u00f3n, atenci\u00f3n m\u00e9dica, servicio asistencial, apoyo pedag\u00f3gico y estimulaci\u00f3n temprana, los cuales est\u00e1n orientados a fortalecer el desarrollo f\u00edsico, emocional y cognitivo de la poblaci\u00f3n infantil; con un horario de atenci\u00f3n de lunes a viernes, de 7:00 de la ma\u00f1ana a 4:45 de la tarde.<\/p>\n<p>Para mayor informaci\u00f3n, las personas interesadas pueden comunicarse al tel\u00e9fono 8999951399 o acudir directamente a las instalaciones a partir del pr\u00f3ximo 7 de enero.<\/p>\n","protected":false},"excerpt":{"rendered":"<p>Reynosa, Tam (2-Enero-2026).- A fin de apoyar a las familias, el Sistema DIF-Reynosa que preside&#8230;<\/p>\n","protected":false},"author":1,"featured_media":194258,"comment_status":"closed","ping_status":"closed","sticky":false,"template":"","format":"standard","meta":{"footnotes":"","jetpack_publicize_message":"","jetpack_publicize_feature_enabled":true,"jetpack_social_post_already_shared":true,"jetpack_social_options":{"image_generator_settings":{"template":"highway","default_image_id":0,"font":"","enabled":false},"version":2}},"categories":[9],"tags":[],"class_list":["post-194257","post","type-post","status-publish","format-standard","has-post-thumbnail","hentry","category-reynosa"],"jetpack_publicize_connections":[],"_links":{"self":[{"href":"https:\/\/www.buroperiodistico.com.mx\/index.php?rest_route=\/wp\/v2\/posts\/194257","targetHints":{"allow":["GET"]}}],"collection":[{"href":"https:\/\/www.buroperiodistico.com.mx\/index.php?rest_route=\/wp\/v2\/posts"}],"about":[{"href":"https:\/\/www.buroperiodistico.com.mx\/index.php?rest_route=\/wp\/v2\/types\/post"}],"author":[{"embeddable":true,"href":"https:\/\/www.buroperiodistico.com.mx\/index.php?rest_route=\/wp\/v2\/users\/1"}],"replies":[{"embeddable":true,"href":"https:\/\/www.buroperiodistico.com.mx\/index.php?rest_route=%2Fwp%2Fv2%2Fcomments&post=194257"}],"version-history":[{"count":1,"href":"https:\/\/www.buroperiodistico.com.mx\/index.php?rest_route=\/wp\/v2\/posts\/194257\/revisions"}],"predecessor-version":[{"id":194259,"href":"https:\/\/www.buroperiodistico.com.mx\/index.php?rest_route=\/wp\/v2\/posts\/194257\/revisions\/194259"}],"wp:featuredmedia":[{"embeddable":true,"href":"https:\/\/www.buroperiodistico.com.mx\/index.php?rest_route=\/wp\/v2\/media\/194258"}],"wp:attachment":[{"href":"https:\/\/www.buroperiodistico.com.mx\/index.php?rest_route=%2Fwp%2Fv2%2Fmedia&parent=194257"}],"wp:term":[{"taxonomy":"category","embeddable":true,"href":"https:\/\/www.buroperiodistico.com.mx\/index.php?rest_route=%2Fwp%2Fv2%2Fcategories&post=194257"},{"taxonomy":"post_tag","embeddable":true,"href":"https:\/\/www.buroperiodistico.com.mx\/index.php?rest_route=%2Fwp%2Fv2%2Ftags&post=194257"}],"curies":[{"name":"wp","href":"https:\/\/api.w.org\/{rel}","templated":true}]}}