{"id":194244,"date":"2026-01-02T13:22:07","date_gmt":"2026-01-02T19:22:07","guid":{"rendered":"https:\/\/www.buroperiodistico.com.mx\/?p=194244"},"modified":"2026-01-02T13:22:07","modified_gmt":"2026-01-02T19:22:07","slug":"reciben-ppls-reconocimiento-y-premiacion-por-elaborar-carteles-por-la-paz","status":"publish","type":"post","link":"https:\/\/www.buroperiodistico.com.mx\/?p=194244","title":{"rendered":"Reciben PPLs reconocimiento y premiaci\u00f3n por elaborar \u201cCarteles por la Paz\u201d"},"content":{"rendered":"<p><em><strong><img loading=\"lazy\" decoding=\"async\" class=\" wp-image-194249 alignright\" src=\"https:\/\/www.buroperiodistico.com.mx\/wp-content\/uploads\/2026\/01\/SSPPaz.jpeg\" alt=\"\" width=\"455\" height=\"265\" srcset=\"https:\/\/www.buroperiodistico.com.mx\/wp-content\/uploads\/2026\/01\/SSPPaz.jpeg 1024w, https:\/\/www.buroperiodistico.com.mx\/wp-content\/uploads\/2026\/01\/SSPPaz-300x175.jpeg 300w, https:\/\/www.buroperiodistico.com.mx\/wp-content\/uploads\/2026\/01\/SSPPaz-768x447.jpeg 768w\" sizes=\"auto, (max-width: 455px) 100vw, 455px\" \/>Nuevo Laredo, Tamaulipas (2-Enero-2026).-<\/strong> <\/em>El Centro de Ejecuci\u00f3n de Sanciones (CEDES) del municipio de Nuevo Laredo entreg\u00f3 reconocimientos a las personas privadas de la libertad (PPLs) que participaron en un concurso interno de artes visuales y premios econ\u00f3micos a quienes obtuvieron los primeros lugares.<\/p>\n<p>\u201cCarteles por la Paz\u201d fue una actividad realizada con el objetivo de sensibilizar a la poblaci\u00f3n penitenciaria, as\u00ed como a sus familiares y visitantes sobre la importancia de convivir en armon\u00eda y respeto.<\/p>\n<p>Lo anterior surge de una iniciativa de la Organizaci\u00f3n de las Naciones Unidas (ONU) para promover a nivel mundial la cultura de la No Violencia y adecuadas relaciones interpersonales.<\/p>\n<p>A trav\u00e9s de las artes visuales, la poblaci\u00f3n de este centro represent\u00f3 su visi\u00f3n de la paz, obras que fueron expuestas ante las personas visitantes.<\/p>\n<p>Mediante actividades culturales y deportivas, la Subsecretar\u00eda de Ejecuci\u00f3n de Sanciones y Reinserci\u00f3n Social de la Secretar\u00eda de Seguridad P\u00fablica de Tamaulipas (SSPT) impulsa el desarrollo de habilidades y cuidado de la salud mental en las PPLs.<\/p>\n<p><img loading=\"lazy\" decoding=\"async\" class=\"aligncenter size-full wp-image-194245\" src=\"https:\/\/www.buroperiodistico.com.mx\/wp-content\/uploads\/2026\/01\/SSPPaz-I.jpeg\" alt=\"\" width=\"640\" height=\"426\" srcset=\"https:\/\/www.buroperiodistico.com.mx\/wp-content\/uploads\/2026\/01\/SSPPaz-I.jpeg 640w, https:\/\/www.buroperiodistico.com.mx\/wp-content\/uploads\/2026\/01\/SSPPaz-I-300x200.jpeg 300w\" sizes=\"auto, (max-width: 640px) 100vw, 640px\" \/> <img loading=\"lazy\" decoding=\"async\" class=\"aligncenter size-full wp-image-194248\" src=\"https:\/\/www.buroperiodistico.com.mx\/wp-content\/uploads\/2026\/01\/SSPPaz-IIII.jpeg\" alt=\"\" width=\"640\" height=\"426\" srcset=\"https:\/\/www.buroperiodistico.com.mx\/wp-content\/uploads\/2026\/01\/SSPPaz-IIII.jpeg 640w, https:\/\/www.buroperiodistico.com.mx\/wp-content\/uploads\/2026\/01\/SSPPaz-IIII-300x200.jpeg 300w\" sizes=\"auto, (max-width: 640px) 100vw, 640px\" \/> <img loading=\"lazy\" decoding=\"async\" class=\"aligncenter size-full wp-image-194247\" src=\"https:\/\/www.buroperiodistico.com.mx\/wp-content\/uploads\/2026\/01\/SSPPaz-III.jpeg\" alt=\"\" width=\"640\" height=\"426\" srcset=\"https:\/\/www.buroperiodistico.com.mx\/wp-content\/uploads\/2026\/01\/SSPPaz-III.jpeg 640w, https:\/\/www.buroperiodistico.com.mx\/wp-content\/uploads\/2026\/01\/SSPPaz-III-300x200.jpeg 300w\" sizes=\"auto, (max-width: 640px) 100vw, 640px\" \/> <img loading=\"lazy\" decoding=\"async\" class=\"aligncenter size-full wp-image-194246\" src=\"https:\/\/www.buroperiodistico.com.mx\/wp-content\/uploads\/2026\/01\/SSPPaz-II.jpeg\" alt=\"\" width=\"640\" height=\"426\" srcset=\"https:\/\/www.buroperiodistico.com.mx\/wp-content\/uploads\/2026\/01\/SSPPaz-II.jpeg 640w, https:\/\/www.buroperiodistico.com.mx\/wp-content\/uploads\/2026\/01\/SSPPaz-II-300x200.jpeg 300w\" sizes=\"auto, (max-width: 640px) 100vw, 640px\" \/><\/p>\n","protected":false},"excerpt":{"rendered":"<p>Nuevo Laredo, Tamaulipas (2-Enero-2026).- El Centro de Ejecuci\u00f3n de Sanciones (CEDES) del municipio de Nuevo&#8230;<\/p>\n","protected":false},"author":1,"featured_media":194249,"comment_status":"closed","ping_status":"closed","sticky":false,"template":"","format":"standard","meta":{"footnotes":"","jetpack_publicize_message":"","jetpack_publicize_feature_enabled":true,"jetpack_social_post_already_shared":true,"jetpack_social_options":{"image_generator_settings":{"template":"highway","default_image_id":0,"font":"","enabled":false},"version":2}},"categories":[10],"tags":[],"class_list":["post-194244","post","type-post","status-publish","format-standard","has-post-thumbnail","hentry","category-tamaulipas"],"jetpack_publicize_connections":[],"_links":{"self":[{"href":"https:\/\/www.buroperiodistico.com.mx\/index.php?rest_route=\/wp\/v2\/posts\/194244","targetHints":{"allow":["GET"]}}],"collection":[{"href":"https:\/\/www.buroperiodistico.com.mx\/index.php?rest_route=\/wp\/v2\/posts"}],"about":[{"href":"https:\/\/www.buroperiodistico.com.mx\/index.php?rest_route=\/wp\/v2\/types\/post"}],"author":[{"embeddable":true,"href":"https:\/\/www.buroperiodistico.com.mx\/index.php?rest_route=\/wp\/v2\/users\/1"}],"replies":[{"embeddable":true,"href":"https:\/\/www.buroperiodistico.com.mx\/index.php?rest_route=%2Fwp%2Fv2%2Fcomments&post=194244"}],"version-history":[{"count":2,"href":"https:\/\/www.buroperiodistico.com.mx\/index.php?rest_route=\/wp\/v2\/posts\/194244\/revisions"}],"predecessor-version":[{"id":194251,"href":"https:\/\/www.buroperiodistico.com.mx\/index.php?rest_route=\/wp\/v2\/posts\/194244\/revisions\/194251"}],"wp:featuredmedia":[{"embeddable":true,"href":"https:\/\/www.buroperiodistico.com.mx\/index.php?rest_route=\/wp\/v2\/media\/194249"}],"wp:attachment":[{"href":"https:\/\/www.buroperiodistico.com.mx\/index.php?rest_route=%2Fwp%2Fv2%2Fmedia&parent=194244"}],"wp:term":[{"taxonomy":"category","embeddable":true,"href":"https:\/\/www.buroperiodistico.com.mx\/index.php?rest_route=%2Fwp%2Fv2%2Fcategories&post=194244"},{"taxonomy":"post_tag","embeddable":true,"href":"https:\/\/www.buroperiodistico.com.mx\/index.php?rest_route=%2Fwp%2Fv2%2Ftags&post=194244"}],"curies":[{"name":"wp","href":"https:\/\/api.w.org\/{rel}","templated":true}]}}