{"id":194238,"date":"2026-01-02T13:14:59","date_gmt":"2026-01-02T19:14:59","guid":{"rendered":"https:\/\/www.buroperiodistico.com.mx\/?p=194238"},"modified":"2026-01-02T13:14:59","modified_gmt":"2026-01-02T19:14:59","slug":"realiza-gobierno-de-reynosa-ininterrumpida-labor-de-mantenimiento","status":"publish","type":"post","link":"https:\/\/www.buroperiodistico.com.mx\/?p=194238","title":{"rendered":"Realiza Gobierno de Reynosa ininterrumpida labor de mantenimiento"},"content":{"rendered":"<p><em><strong><img loading=\"lazy\" decoding=\"async\" class=\" wp-image-194242 alignright\" src=\"https:\/\/www.buroperiodistico.com.mx\/wp-content\/uploads\/2026\/01\/Limpix.jpeg\" alt=\"\" width=\"535\" height=\"319\" srcset=\"https:\/\/www.buroperiodistico.com.mx\/wp-content\/uploads\/2026\/01\/Limpix.jpeg 1024w, https:\/\/www.buroperiodistico.com.mx\/wp-content\/uploads\/2026\/01\/Limpix-300x179.jpeg 300w, https:\/\/www.buroperiodistico.com.mx\/wp-content\/uploads\/2026\/01\/Limpix-768x458.jpeg 768w\" sizes=\"auto, (max-width: 535px) 100vw, 535px\" \/>Reynosa, Tam (2-Diciembre-2025).-<\/strong><\/em> El Gobierno Municipal de Reynosa que preside el Alcalde Carlos Pe\u00f1a Ortiz realiza labores de limpieza y mantenimiento en diversas colonias y espacios p\u00fablicos de la ciudad, este d\u00eda viernes 2 de enero, con las siguientes actividades:<\/p>\n<p>&#8211; Limpieza en colonia Los Fresnos, calle Hacienda Los Naranjos con calle Los Fresnos.<br \/>\n&#8211; Limpieza en colonia San Valent\u00edn, calle Flor de No me Olvides con calle Flor de Belladona.<br \/>\n&#8211; Contin\u00faa la limpieza en el bulevar \u00c1lvaro Obreg\u00f3n.<br \/>\n&#8211; Limpieza, chapoleo, papeleo, barrido y raspado en Plaza de la colonia Valle Soleado, calle Paseo del Sol con calle Paseo del Desierto.<\/p>\n<p>El Ayuntamiento de Reynosa agradece a la ciudadan\u00eda su comprensi\u00f3n y colaboraci\u00f3n en estas labores que buscan mejorar la imagen y calidad de vida de los habitantes de la ciudad.<\/p>\n<p>#ReynosaImparable<br \/>\n#GobiernoMunicipalDeReynosa<\/p>\n<p><img loading=\"lazy\" decoding=\"async\" class=\"aligncenter size-full wp-image-194239\" src=\"https:\/\/www.buroperiodistico.com.mx\/wp-content\/uploads\/2026\/01\/Limpix-I.jpeg\" alt=\"\" width=\"640\" height=\"480\" srcset=\"https:\/\/www.buroperiodistico.com.mx\/wp-content\/uploads\/2026\/01\/Limpix-I.jpeg 640w, https:\/\/www.buroperiodistico.com.mx\/wp-content\/uploads\/2026\/01\/Limpix-I-300x225.jpeg 300w\" sizes=\"auto, (max-width: 640px) 100vw, 640px\" \/> <img loading=\"lazy\" decoding=\"async\" class=\"aligncenter size-full wp-image-194241\" src=\"https:\/\/www.buroperiodistico.com.mx\/wp-content\/uploads\/2026\/01\/Limpix-III.jpeg\" alt=\"\" width=\"640\" height=\"480\" srcset=\"https:\/\/www.buroperiodistico.com.mx\/wp-content\/uploads\/2026\/01\/Limpix-III.jpeg 640w, https:\/\/www.buroperiodistico.com.mx\/wp-content\/uploads\/2026\/01\/Limpix-III-300x225.jpeg 300w\" sizes=\"auto, (max-width: 640px) 100vw, 640px\" \/> <img loading=\"lazy\" decoding=\"async\" class=\"aligncenter size-full wp-image-194240\" src=\"https:\/\/www.buroperiodistico.com.mx\/wp-content\/uploads\/2026\/01\/Limpix-II.jpeg\" alt=\"\" width=\"640\" height=\"480\" srcset=\"https:\/\/www.buroperiodistico.com.mx\/wp-content\/uploads\/2026\/01\/Limpix-II.jpeg 640w, https:\/\/www.buroperiodistico.com.mx\/wp-content\/uploads\/2026\/01\/Limpix-II-300x225.jpeg 300w\" sizes=\"auto, (max-width: 640px) 100vw, 640px\" \/><\/p>\n","protected":false},"excerpt":{"rendered":"<p>Reynosa, Tam (2-Diciembre-2025).- El Gobierno Municipal de Reynosa que preside el Alcalde Carlos Pe\u00f1a Ortiz&#8230;<\/p>\n","protected":false},"author":1,"featured_media":194242,"comment_status":"closed","ping_status":"closed","sticky":false,"template":"","format":"standard","meta":{"footnotes":"","jetpack_publicize_message":"","jetpack_publicize_feature_enabled":true,"jetpack_social_post_already_shared":true,"jetpack_social_options":{"image_generator_settings":{"template":"highway","default_image_id":0,"font":"","enabled":false},"version":2}},"categories":[9],"tags":[],"class_list":["post-194238","post","type-post","status-publish","format-standard","has-post-thumbnail","hentry","category-reynosa"],"jetpack_publicize_connections":[],"_links":{"self":[{"href":"https:\/\/www.buroperiodistico.com.mx\/index.php?rest_route=\/wp\/v2\/posts\/194238","targetHints":{"allow":["GET"]}}],"collection":[{"href":"https:\/\/www.buroperiodistico.com.mx\/index.php?rest_route=\/wp\/v2\/posts"}],"about":[{"href":"https:\/\/www.buroperiodistico.com.mx\/index.php?rest_route=\/wp\/v2\/types\/post"}],"author":[{"embeddable":true,"href":"https:\/\/www.buroperiodistico.com.mx\/index.php?rest_route=\/wp\/v2\/users\/1"}],"replies":[{"embeddable":true,"href":"https:\/\/www.buroperiodistico.com.mx\/index.php?rest_route=%2Fwp%2Fv2%2Fcomments&post=194238"}],"version-history":[{"count":1,"href":"https:\/\/www.buroperiodistico.com.mx\/index.php?rest_route=\/wp\/v2\/posts\/194238\/revisions"}],"predecessor-version":[{"id":194243,"href":"https:\/\/www.buroperiodistico.com.mx\/index.php?rest_route=\/wp\/v2\/posts\/194238\/revisions\/194243"}],"wp:featuredmedia":[{"embeddable":true,"href":"https:\/\/www.buroperiodistico.com.mx\/index.php?rest_route=\/wp\/v2\/media\/194242"}],"wp:attachment":[{"href":"https:\/\/www.buroperiodistico.com.mx\/index.php?rest_route=%2Fwp%2Fv2%2Fmedia&parent=194238"}],"wp:term":[{"taxonomy":"category","embeddable":true,"href":"https:\/\/www.buroperiodistico.com.mx\/index.php?rest_route=%2Fwp%2Fv2%2Fcategories&post=194238"},{"taxonomy":"post_tag","embeddable":true,"href":"https:\/\/www.buroperiodistico.com.mx\/index.php?rest_route=%2Fwp%2Fv2%2Ftags&post=194238"}],"curies":[{"name":"wp","href":"https:\/\/api.w.org\/{rel}","templated":true}]}}