{"id":194223,"date":"2026-01-02T11:10:00","date_gmt":"2026-01-02T17:10:00","guid":{"rendered":"https:\/\/www.buroperiodistico.com.mx\/?p=194223"},"modified":"2026-01-02T11:10:00","modified_gmt":"2026-01-02T17:10:00","slug":"invita-gobierno-de-nuevo-laredo-a-celebrar-la-mega-rosca-de-reyes-2026-en-el-viveros-magico","status":"publish","type":"post","link":"https:\/\/www.buroperiodistico.com.mx\/?p=194223","title":{"rendered":"INVITA GOBIERNO DE NUEVO LAREDO A CELEBRAR LA MEGA ROSCA DE REYES 2026 EN EL VIVEROS M\u00c1GICO"},"content":{"rendered":"<p dir=\"ltr\"><em><strong><img loading=\"lazy\" decoding=\"async\" class=\" wp-image-194225 alignright\" src=\"https:\/\/www.buroperiodistico.com.mx\/wp-content\/uploads\/2026\/01\/MEGAROSCA.jpg\" alt=\"\" width=\"507\" height=\"315\" srcset=\"https:\/\/www.buroperiodistico.com.mx\/wp-content\/uploads\/2026\/01\/MEGAROSCA.jpg 1024w, https:\/\/www.buroperiodistico.com.mx\/wp-content\/uploads\/2026\/01\/MEGAROSCA-300x186.jpg 300w, https:\/\/www.buroperiodistico.com.mx\/wp-content\/uploads\/2026\/01\/MEGAROSCA-768x477.jpg 768w\" sizes=\"auto, (max-width: 507px) 100vw, 507px\" \/>Nuevo Laredo, Tam (2-Enero-2025).-<\/strong><\/em> El Gobierno Municipal de Nuevo Laredo invita a la ciudadan\u00eda a participar en la Mega Rosca de Reyes 2026, un evento que tiene como objetivo fortalecer la convivencia familiar y preservar las tradiciones que fomentan la uni\u00f3n y el sentido de comunidad entre las familias neolaredenses.<\/p>\n<p dir=\"ltr\">La celebraci\u00f3n se llevar\u00e1 a cabo el pr\u00f3ximo martes 6 de enero de 2026, a partir de las 5:00 de la tarde, en el Viveros M\u00e1gico, ubicado en el Parque Viveros, un espacio emblem\u00e1tico que durante esta temporada se transforma en un punto de encuentro lleno de luz, alegr\u00eda y ambiente festivo.<\/p>\n<p dir=\"ltr\">Durante la Mega Rosca de Reyes, las y los asistentes podr\u00e1n compartir la tradicional rosca en un entorno pensado para disfrutar en familia, celebrar la llegada de los Reyes Magos y vivir una tarde de convivencia en un ambiente seguro y lleno de esp\u00edritu navide\u00f1o.<\/p>\n<p dir=\"ltr\">El Gobierno de Nuevo Laredo reitera la invitaci\u00f3n a todas las familias a sumarse a esta celebraci\u00f3n, disfrutar de una de las tradiciones m\u00e1s representativas de la temporada y ser parte de un evento que promueve la uni\u00f3n social y el sano esparcimiento.<\/p>\n<p dir=\"ltr\"><img loading=\"lazy\" decoding=\"async\" class=\"aligncenter size-full wp-image-194224\" src=\"https:\/\/www.buroperiodistico.com.mx\/wp-content\/uploads\/2026\/01\/MEGAROSCA-I.jpg\" alt=\"\" width=\"640\" height=\"427\" srcset=\"https:\/\/www.buroperiodistico.com.mx\/wp-content\/uploads\/2026\/01\/MEGAROSCA-I.jpg 640w, https:\/\/www.buroperiodistico.com.mx\/wp-content\/uploads\/2026\/01\/MEGAROSCA-I-300x200.jpg 300w\" sizes=\"auto, (max-width: 640px) 100vw, 640px\" \/><\/p>\n","protected":false},"excerpt":{"rendered":"<p>Nuevo Laredo, Tam (2-Enero-2025).- El Gobierno Municipal de Nuevo Laredo invita a la ciudadan\u00eda a&#8230;<\/p>\n","protected":false},"author":1,"featured_media":194225,"comment_status":"closed","ping_status":"closed","sticky":false,"template":"","format":"standard","meta":{"footnotes":"","jetpack_publicize_message":"","jetpack_publicize_feature_enabled":true,"jetpack_social_post_already_shared":true,"jetpack_social_options":{"image_generator_settings":{"template":"highway","default_image_id":0,"font":"","enabled":false},"version":2}},"categories":[16],"tags":[],"class_list":["post-194223","post","type-post","status-publish","format-standard","has-post-thumbnail","hentry","category-nuevolaredo"],"jetpack_publicize_connections":[],"_links":{"self":[{"href":"https:\/\/www.buroperiodistico.com.mx\/index.php?rest_route=\/wp\/v2\/posts\/194223","targetHints":{"allow":["GET"]}}],"collection":[{"href":"https:\/\/www.buroperiodistico.com.mx\/index.php?rest_route=\/wp\/v2\/posts"}],"about":[{"href":"https:\/\/www.buroperiodistico.com.mx\/index.php?rest_route=\/wp\/v2\/types\/post"}],"author":[{"embeddable":true,"href":"https:\/\/www.buroperiodistico.com.mx\/index.php?rest_route=\/wp\/v2\/users\/1"}],"replies":[{"embeddable":true,"href":"https:\/\/www.buroperiodistico.com.mx\/index.php?rest_route=%2Fwp%2Fv2%2Fcomments&post=194223"}],"version-history":[{"count":1,"href":"https:\/\/www.buroperiodistico.com.mx\/index.php?rest_route=\/wp\/v2\/posts\/194223\/revisions"}],"predecessor-version":[{"id":194226,"href":"https:\/\/www.buroperiodistico.com.mx\/index.php?rest_route=\/wp\/v2\/posts\/194223\/revisions\/194226"}],"wp:featuredmedia":[{"embeddable":true,"href":"https:\/\/www.buroperiodistico.com.mx\/index.php?rest_route=\/wp\/v2\/media\/194225"}],"wp:attachment":[{"href":"https:\/\/www.buroperiodistico.com.mx\/index.php?rest_route=%2Fwp%2Fv2%2Fmedia&parent=194223"}],"wp:term":[{"taxonomy":"category","embeddable":true,"href":"https:\/\/www.buroperiodistico.com.mx\/index.php?rest_route=%2Fwp%2Fv2%2Fcategories&post=194223"},{"taxonomy":"post_tag","embeddable":true,"href":"https:\/\/www.buroperiodistico.com.mx\/index.php?rest_route=%2Fwp%2Fv2%2Ftags&post=194223"}],"curies":[{"name":"wp","href":"https:\/\/api.w.org\/{rel}","templated":true}]}}