{"id":194219,"date":"2026-01-02T11:06:20","date_gmt":"2026-01-02T17:06:20","guid":{"rendered":"https:\/\/www.buroperiodistico.com.mx\/?p=194219"},"modified":"2026-01-02T11:06:20","modified_gmt":"2026-01-02T17:06:20","slug":"tiempos-de-guerra-por-chano-rangel-488","status":"publish","type":"post","link":"https:\/\/www.buroperiodistico.com.mx\/?p=194219","title":{"rendered":"Tiempos de Guerra\/ Por: Chano Rangel"},"content":{"rendered":"<p style=\"text-align: center;\"><strong><em>\u00a1La herencia del 2025!<\/em><\/strong><\/p>\n<p><em><strong>(2-Enero-2026).-<\/strong><\/em> Antes de comenzar con el trabajo que apasiona, que fortalece, pero que tambi\u00e9n crea una forma de vida, un estilo y un cumulo de experiencias a lo largo de los a\u00f1os.<\/p>\n<p>Comenzamos el 2026, con mucho trabajo por la gracias de Dios, el esfuerzo y la dedicaci\u00f3n, lo digo con el mayor respeto de las creencias religiosas de mis lectores, pocos, pero fieles.<\/p>\n<p>En un restaurante de Matamoros, all\u00e1 por el parque Ol\u00edmpico, me tope con Rolando Blanco, que hace algunos ayeres era mi voz oficial, ese sonido privilegiado que sal\u00eda de sus cuerdas bucales siempre fue admirado y reconocido por muchos, dice que me lee, y cr\u00e9ame se siente muy bien al escuchar esas palabras.<\/p>\n<p>Pero el 2025 nos deja mucha ense\u00f1anza, reflexiones y aprendizajes, que m\u00e1s que obst\u00e1culos nos dieron esperanza y nuevas ideas para fortalecer nuestro trabajo en todos los aspectos, en la edad adulta el tiempo vuela, las metas deben de ser claras y las ideas deben de cristalizarse y no quedarse en sue\u00f1os guajiros.<\/p>\n<p>En lo pol\u00edtico nos deja mucho que analizar, porque sin duda, comprobado esta, que, si se accede al poder sin responsabilidad o preparaci\u00f3n para ejercer el mismo, entonces no solo se pierde la visi\u00f3n, si no tambi\u00e9n el individuo que lo ejerce, en deterioro del ciudadano.<\/p>\n<p>As\u00ed pasa en muchas regiones del pa\u00eds, donde el morenismo llego con los mismos vicios del viejo PRI, pero purificado en la austeridad republicana, al final la gen\u00e9tica no se puede cambiar, y la ciudadan\u00eda se dio cuenta<\/p>\n<p>que solo cambio el color, los vicios se a\u00f1ejaron tanto, que salieron peor que los que se fueron.<\/p>\n<p>El 2025, Tambi\u00e9n nos dejo la irresponsabilidad para aceptar ser gobierno, hacerse responsable de sus actos y tomar los problemas de los mexicanos con responsabilidad y hacerse cargo de la posici\u00f3n para la que fueron electos.<\/p>\n<p>Culpar al pasado por todo, seguir culpando a Felipe Calder\u00f3n por todo, no es una respuesta validad, siete a\u00f1os es poco para hacer mucho, pero mucho para no hacer nada.<\/p>\n<p>La izquierda demostr\u00f3 en 2025 que la cr\u00edtica hacia el sistema neoliberal, capitalista era por no tener el poder, cuando se hizo de \u00e9l, entonces llego lo peor, y los lujos excesivos, los viejos de virreyes, salieron a relucir, sin embargo, cuando se cuestiona ese tipo de acciones, se ataca al pregunt\u00f3n y ser dan respuestas vanas.<\/p>\n<p>Se ataca por ejemplo a una l\u00edder social, como Mar\u00eda Amparo Casal, que proyecta, dirige y da forma y fondo a mexicanos contra la corrupci\u00f3n, haciendo de su ejercicio un contrapeso de los gobiernos, sin importar partidos y colores, pero la critica a la 4T est\u00e1 prohibida como lo demuestran en los hechos.<\/p>\n<p>En lugar de investigar el huachicol, la delincuencia, los grandes desfalcos como SEGALMEX, PEMEX, Birmex, el Tren MAYA, se ataca a una mujer por recibir una pensi\u00f3n de una empresa paraestatal, y cuando se cuestiona de toda a la inseguridad, la presidenta responde: de eso no estamos hablando.<\/p>\n<p>En el 2026 se demostrar\u00e1 de qu\u00e9 lado est\u00e1n los intereses de los partidos sat\u00e9lites, como el Verde y PT, cuando la reforma propuesta quite las plurinominales y de a cada uno de los partidos una minor\u00eda simple, veremos la capacidad de aceptaci\u00f3n o la derrota de la presidenta por intereses que aun no alcanza a entender, su condici\u00f3n de primera mujer<\/p>\n<p>presidenta, le abri\u00f3 las puertas del poder, pero en Palenque Chiapas, hay otro poder, el que nadie dice, pero todos obedecen en Morena.}<\/p>\n<p>La herencia del 2025, la veremos en el 2026, reflejada en los bolsillos y sobre todo en el consumo familiar.<\/p>\n<p>Que el 2026, sea de metas y realidad para todos, feliz 2026.<\/p>\n<p>De Aquello y lo dem\u00e1s\u2026<\/p>\n<p>Cuando se trata de meter presi\u00f3n, de querer sacar raja pol\u00edtica de algo, entonces sale a relucir el viejo tema de investigaci\u00f3n del edil de Reynosa, Carlos Pe\u00f1a Ortiz, que se a convertido en el pol\u00edtico a vencer en el 2026.<\/p>\n<p>Es el edil de Reynosa el alcalde que mas figura a nivel nacional y estatal, con acciones, con proyectos de gobierno viables cambiando el rostro a la ciudad, donde muchas familias reconocen su liderazgo.<\/p>\n<p>La carrera comienza en el 2026, la meta es 2028, cuando el estado cambie poderes, pero antes de eso, se tiene que transitar por el 2027, donde en las elecciones de ese a\u00f1o sin duda se determina tambi\u00e9n la elecci\u00f3n de gobernador de 2028.<\/p>\n<p>Es cu\u00e1nto.<\/p>\n","protected":false},"excerpt":{"rendered":"<p>\u00a1La herencia del 2025! (2-Enero-2026).- Antes de comenzar con el trabajo que apasiona, que fortalece,&#8230;<\/p>\n","protected":false},"author":1,"featured_media":149238,"comment_status":"closed","ping_status":"closed","sticky":false,"template":"","format":"standard","meta":{"footnotes":"","jetpack_publicize_message":"","jetpack_publicize_feature_enabled":true,"jetpack_social_post_already_shared":true,"jetpack_social_options":{"image_generator_settings":{"template":"highway","default_image_id":0,"font":"","enabled":false},"version":2}},"categories":[23],"tags":[],"class_list":["post-194219","post","type-post","status-publish","format-standard","has-post-thumbnail","hentry","category-columnas"],"jetpack_publicize_connections":[],"_links":{"self":[{"href":"https:\/\/www.buroperiodistico.com.mx\/index.php?rest_route=\/wp\/v2\/posts\/194219","targetHints":{"allow":["GET"]}}],"collection":[{"href":"https:\/\/www.buroperiodistico.com.mx\/index.php?rest_route=\/wp\/v2\/posts"}],"about":[{"href":"https:\/\/www.buroperiodistico.com.mx\/index.php?rest_route=\/wp\/v2\/types\/post"}],"author":[{"embeddable":true,"href":"https:\/\/www.buroperiodistico.com.mx\/index.php?rest_route=\/wp\/v2\/users\/1"}],"replies":[{"embeddable":true,"href":"https:\/\/www.buroperiodistico.com.mx\/index.php?rest_route=%2Fwp%2Fv2%2Fcomments&post=194219"}],"version-history":[{"count":1,"href":"https:\/\/www.buroperiodistico.com.mx\/index.php?rest_route=\/wp\/v2\/posts\/194219\/revisions"}],"predecessor-version":[{"id":194220,"href":"https:\/\/www.buroperiodistico.com.mx\/index.php?rest_route=\/wp\/v2\/posts\/194219\/revisions\/194220"}],"wp:featuredmedia":[{"embeddable":true,"href":"https:\/\/www.buroperiodistico.com.mx\/index.php?rest_route=\/wp\/v2\/media\/149238"}],"wp:attachment":[{"href":"https:\/\/www.buroperiodistico.com.mx\/index.php?rest_route=%2Fwp%2Fv2%2Fmedia&parent=194219"}],"wp:term":[{"taxonomy":"category","embeddable":true,"href":"https:\/\/www.buroperiodistico.com.mx\/index.php?rest_route=%2Fwp%2Fv2%2Fcategories&post=194219"},{"taxonomy":"post_tag","embeddable":true,"href":"https:\/\/www.buroperiodistico.com.mx\/index.php?rest_route=%2Fwp%2Fv2%2Ftags&post=194219"}],"curies":[{"name":"wp","href":"https:\/\/api.w.org\/{rel}","templated":true}]}}